{"id":72687,"date":"2026-03-17T12:04:56","date_gmt":"2026-03-17T12:04:56","guid":{"rendered":"https:\/\/immo.lecourrier.es\/index.php\/2026\/03\/17\/les-logements-finis-ont-augmente-de-48-dune-annee-a-lautre-en-septembre-2\/"},"modified":"2026-04-27T01:22:23","modified_gmt":"2026-04-27T01:22:23","slug":"les-logements-finis-ont-augmente-de-48-dune-annee-a-lautre-en-septembre-2","status":"publish","type":"post","link":"https:\/\/immo.lecourrier.es\/index.php\/2026\/03\/17\/les-logements-finis-ont-augmente-de-48-dune-annee-a-lautre-en-septembre-2\/","title":{"rendered":"Les logements finis ont augment\u00e9 de 4,8% d&#8217;une ann\u00e9e \u00e0 l&#8217;autre en septembre"},"content":{"rendered":"<p><span dir=\"auto\" style=\"vertical-align: inherit\"><span dir=\"auto\" style=\"vertical-align: inherit\"><\/p>\n<p class=\"long\">L\u2019indice g\u00e9n\u00e9ral Tinsa IMIE g\u00e9n\u00e9ral et grands march\u00e9s a enregistr\u00e9 une croissance de 4,8% en septembre par rapport \u00e0 l\u2019ann\u00e9e derni\u00e8re, sous l\u2019effet de &#8220;Capitales et grandes villes&#8221;, qui ont \u00e9t\u00e9 r\u00e9\u00e9valu\u00e9es en moyenne de 7,3% au cours de la derni\u00e8re ann\u00e9e. Toutes les grandes zones analys\u00e9es dans l\u2019indice sont devenues plus ch\u00e8res au taux interannuel. Le prix moyen du logement en Espagne a augment\u00e9 de 12,1% depuis f\u00e9vrier 2015 et reste inf\u00e9rieur de 35,7% au maximum de 2007.<\/p>\n<p><a href=\"https:\/\/lecourrier.es\/wp-content\/uploads\/2026\/02\/tinsa2.jpg\"><img decoding=\"async\" src=\"https:\/\/immo.lecourrier.es\/wp-content\/uploads\/2024\/04\/tinsa2.jpg\"><\/a><\/p>\n<p><a href=\"https:\/\/lecourrier.es\/wp-content\/uploads\/2026\/02\/tinsa3.jpg\"><img decoding=\"async\" src=\"https:\/\/immo.lecourrier.es\/wp-content\/uploads\/2024\/04\/tinsa3.jpg\"><\/a><\/p>\n<p>Source: TINSA<\/span><\/span><\/p>\n","protected":false},"excerpt":{"rendered":"<p>L\u2019indice g\u00e9n\u00e9ral Tinsa IMIE g\u00e9n\u00e9ral et grands march\u00e9s a enregistr\u00e9 une croissance de 4,8% en septembre par rapport \u00e0 l\u2019ann\u00e9e derni\u00e8re, sous l\u2019effet de &#8220;Capitales et grandes villes&#8221;, qui ont \u00e9t\u00e9 r\u00e9\u00e9valu\u00e9es en moyenne de 7,3% au cours de la derni\u00e8re ann\u00e9e. Toutes les grandes zones analys\u00e9es dans l\u2019indice sont devenues plus ch\u00e8res au taux [&hellip;]<\/p>\n","protected":false},"author":13,"featured_media":37409,"comment_status":"open","ping_status":"closed","sticky":false,"template":"","format":"standard","meta":{"om_disable_all_campaigns":false,"_monsterinsights_skip_tracking":false,"_monsterinsights_sitenote_active":false,"_monsterinsights_sitenote_note":"","_monsterinsights_sitenote_category":0,"_uf_show_specific_survey":0,"_uf_disable_surveys":false,"footnotes":""},"categories":[212],"tags":[],"class_list":["post-72687","post","type-post","status-publish","format-standard","has-post-thumbnail","hentry","category-breaking-news"],"acf":[],"_links":{"self":[{"href":"https:\/\/immo.lecourrier.es\/index.php\/wp-json\/wp\/v2\/posts\/72687","targetHints":{"allow":["GET"]}}],"collection":[{"href":"https:\/\/immo.lecourrier.es\/index.php\/wp-json\/wp\/v2\/posts"}],"about":[{"href":"https:\/\/immo.lecourrier.es\/index.php\/wp-json\/wp\/v2\/types\/post"}],"author":[{"embeddable":true,"href":"https:\/\/immo.lecourrier.es\/index.php\/wp-json\/wp\/v2\/users\/13"}],"replies":[{"embeddable":true,"href":"https:\/\/immo.lecourrier.es\/index.php\/wp-json\/wp\/v2\/comments?post=72687"}],"version-history":[{"count":0,"href":"https:\/\/immo.lecourrier.es\/index.php\/wp-json\/wp\/v2\/posts\/72687\/revisions"}],"wp:featuredmedia":[{"embeddable":true,"href":"https:\/\/immo.lecourrier.es\/index.php\/wp-json\/wp\/v2\/media\/37409"}],"wp:attachment":[{"href":"https:\/\/immo.lecourrier.es\/index.php\/wp-json\/wp\/v2\/media?parent=72687"}],"wp:term":[{"taxonomy":"category","embeddable":true,"href":"https:\/\/immo.lecourrier.es\/index.php\/wp-json\/wp\/v2\/categories?post=72687"},{"taxonomy":"post_tag","embeddable":true,"href":"https:\/\/immo.lecourrier.es\/index.php\/wp-json\/wp\/v2\/tags?post=72687"}],"curies":[{"name":"wp","href":"https:\/\/api.w.org\/{rel}","templated":true}]}}