{"id":72402,"date":"2026-03-17T07:53:08","date_gmt":"2026-03-17T07:53:08","guid":{"rendered":"https:\/\/immo.lecourrier.es\/index.php\/2026\/03\/17\/supplement-du-courrier-despagne-nouvelles-constructions-residentielles-2\/"},"modified":"2026-04-26T21:10:57","modified_gmt":"2026-04-26T21:10:57","slug":"supplement-du-courrier-despagne-nouvelles-constructions-residentielles-2","status":"publish","type":"post","link":"https:\/\/immo.lecourrier.es\/index.php\/2026\/03\/17\/supplement-du-courrier-despagne-nouvelles-constructions-residentielles-2\/","title":{"rendered":"Suppl\u00e9ment du Courrier d&#8217;Espagne: nouvelles constructions r\u00e9sidentielles"},"content":{"rendered":"<p><span dir=\"auto\" style=\"vertical-align: inherit\"><span dir=\"auto\" style=\"vertical-align: inherit\"><\/p>\n<p class=\"long\">Le courrier d&#8217;Espagne pr\u00e9pare un suppl\u00e9ment sur les nouvelles promotions immobili\u00e8res r\u00e9sidentielles s&#8217;\u00e9tendant de la c\u00f4te m\u00e9diterran\u00e9enne jusqu&#8217;au \u00eeles en passant par Madrid.<\/p>\n<p class=\"long\"><span class=\"times-dropcap\">I<\/span>l s&#8217;agira d&#8217;une campagne sur internet et les r\u00e9seaux sociaux \u00e0 partir du 15 juillet ainsi qu&#8217;un suppl\u00e9ment de 20 pages dans le trimestriel de septembre. Ceci ci sera diffus\u00e9 sur les vols Air Europa sur le lignes Paris-Madrid, Madrid-Bruxelles, Paris-Valencia. 2000 exemplaires seront r\u00e9partis dans les points cl\u00e9s de la capitale fran\u00e7aise (h\u00f4tels, a\u00e9roports, restaurants).<\/p>\n<p>Le Courrier d&#8217;Espagne est la premi\u00e8re source d&#8217;information sur &#8216;Espagne en langue fran\u00e7aise depuis une quinzaine d&#8217;ann\u00e9es. La r\u00e9daction immobilier du Courrier d&#8217;Espagne accompagne les investisseurs fran\u00e7ais et francophones dans leur d\u00e9marche et leur recherche dans le secteur immobilier.<\/p>\n<p>&nbsp;<\/span><\/span><\/p>\n","protected":false},"excerpt":{"rendered":"<p>Le courrier d&#8217;Espagne pr\u00e9pare un suppl\u00e9ment sur les nouvelles promotions immobili\u00e8res r\u00e9sidentielles s&#8217;\u00e9tendant de la c\u00f4te m\u00e9diterran\u00e9enne jusqu&#8217;au \u00eeles en passant par Madrid. Il s&#8217;agira d&#8217;une campagne sur internet et les r\u00e9seaux sociaux \u00e0 partir du 15 juillet ainsi qu&#8217;un suppl\u00e9ment de 20 pages dans le trimestriel de septembre. Ceci ci sera diffus\u00e9 sur les [&hellip;]<\/p>\n","protected":false},"author":13,"featured_media":36112,"comment_status":"open","ping_status":"closed","sticky":false,"template":"","format":"standard","meta":{"om_disable_all_campaigns":false,"_monsterinsights_skip_tracking":false,"_monsterinsights_sitenote_active":false,"_monsterinsights_sitenote_note":"","_monsterinsights_sitenote_category":0,"_uf_show_specific_survey":0,"_uf_disable_surveys":false,"footnotes":""},"categories":[4504],"tags":[],"class_list":["post-72402","post","type-post","status-publish","format-standard","has-post-thumbnail","hentry","category-resilience-agri"],"acf":[],"_links":{"self":[{"href":"https:\/\/immo.lecourrier.es\/index.php\/wp-json\/wp\/v2\/posts\/72402","targetHints":{"allow":["GET"]}}],"collection":[{"href":"https:\/\/immo.lecourrier.es\/index.php\/wp-json\/wp\/v2\/posts"}],"about":[{"href":"https:\/\/immo.lecourrier.es\/index.php\/wp-json\/wp\/v2\/types\/post"}],"author":[{"embeddable":true,"href":"https:\/\/immo.lecourrier.es\/index.php\/wp-json\/wp\/v2\/users\/13"}],"replies":[{"embeddable":true,"href":"https:\/\/immo.lecourrier.es\/index.php\/wp-json\/wp\/v2\/comments?post=72402"}],"version-history":[{"count":0,"href":"https:\/\/immo.lecourrier.es\/index.php\/wp-json\/wp\/v2\/posts\/72402\/revisions"}],"wp:featuredmedia":[{"embeddable":true,"href":"https:\/\/immo.lecourrier.es\/index.php\/wp-json\/wp\/v2\/media\/36112"}],"wp:attachment":[{"href":"https:\/\/immo.lecourrier.es\/index.php\/wp-json\/wp\/v2\/media?parent=72402"}],"wp:term":[{"taxonomy":"category","embeddable":true,"href":"https:\/\/immo.lecourrier.es\/index.php\/wp-json\/wp\/v2\/categories?post=72402"},{"taxonomy":"post_tag","embeddable":true,"href":"https:\/\/immo.lecourrier.es\/index.php\/wp-json\/wp\/v2\/tags?post=72402"}],"curies":[{"name":"wp","href":"https:\/\/api.w.org\/{rel}","templated":true}]}}