{"id":71159,"date":"2026-03-09T18:05:41","date_gmt":"2026-03-09T18:05:41","guid":{"rendered":"https:\/\/immo.lecourrier.es\/index.php\/2026\/03\/09\/le-tresor-cache-du-pp-le-siege-de-genes-a-madrid-pourrait-valoir-55-millions-2\/"},"modified":"2026-04-26T01:27:33","modified_gmt":"2026-04-26T01:27:33","slug":"le-tresor-cache-du-pp-le-siege-de-genes-a-madrid-pourrait-valoir-55-millions-2","status":"publish","type":"post","link":"https:\/\/immo.lecourrier.es\/index.php\/2026\/03\/09\/le-tresor-cache-du-pp-le-siege-de-genes-a-madrid-pourrait-valoir-55-millions-2\/","title":{"rendered":"Le tr\u00e9sor cach\u00e9 du PP: le si\u00e8ge de G\u00eanes \u00e0 Madrid pourrait valoir 55 millions"},"content":{"rendered":"<p><span dir=\"auto\" style=\"vertical-align: inherit\"><span dir=\"auto\" style=\"vertical-align: inherit\"><\/p>\n<p class=\"long\">Le PP a annonc\u00e9 qu&#8217;il quitte son si\u00e8ge \u00e0 Madrid, qu&#8217;il a achet\u00e9 \u00e0 l&#8217;assureur Mapfre en 2006 pour 37 millions d&#8217;euros.<\/p>\n<p class=\"\">Yolanda Duran \/ Nayara Mateo 16\/02\/2021<\/p>\n<p class=\"\">Si\u00e8ge du PP dans la rue Genova \u00e0 Madrid. Le pr\u00e9sident du PP, Pablo Casado, a annonc\u00e9 mardi de mani\u00e8re surprenante que le parti quitterait son si\u00e8ge de la rue G\u00eanes depuis 2006, qu&#8217;il a acquis aupr\u00e8s de l&#8217;assureur Mapfre pour 37 millions d&#8217;euros.<\/p>\n<p class=\"\">Jusqu&#8217;en 1983, le si\u00e8ge du parti \u00e9tait situ\u00e9 rue Silva, \u00e9galement dans le centre de Madrid, puis ils sont all\u00e9s comme lou\u00e9s \u00e0 Mapfre jusqu&#8217;\u00e0 l&#8217;achat.<\/p>\n<p class=\"\">Le jugement pour le paiement en b d&#8217;une partie de sa r\u00e9forme et la dette de pr\u00e8s de treize millions d&#8217;euros que le parti accumule encore pour son achat, ont apparemment \u00e9t\u00e9 d\u00e9cisifs dans la prise de d\u00e9cision.<\/p>\n<p class=\"\">Le b\u00e2timent que les populaires vont abandonner en raison des irr\u00e9gularit\u00e9s de la r\u00e9forme se compose de neuf \u00e9tages et compte plus de 10 000 m\u00e8tres construits, 6 811 pour les bureaux et 3 432 dans un garage de 107 places. \u00abDe notre point de vue, la valeur v\u00e9nale du bien fluctue en fonction de son utilisation finale et des investissements n\u00e9cessaires pour l&#8217;adapter.<\/p>\n<p class=\"\">C&#8217;est pourquoi nos estimations concernant sa valeur sur le march\u00e9 varient entre 55 et 70 millions d&#8217;euros \u00bb, d\u00e9clare Alberto D\u00edaz, directeur g\u00e9n\u00e9ral des march\u00e9s de capitaux chez Colliers consulting. D&#8217;autres sources de march\u00e9 le r\u00e9duisent \u00e0 30 millions d&#8217;euros, en fonction du niveau d&#8217;adaptation aux futurs occupants \u00e9ventuels, et de l&#8217;impact \u00e0 la baisse que la crise pand\u00e9mique et le t\u00e9l\u00e9travail entra\u00eenent sur l&#8217;entreprise.<\/p>\n<p class=\"\">Bien que, malgr\u00e9 le fait que la crise de Covid ait consid\u00e9rablement endommag\u00e9 ce secteur et qu&#8217;en 2021, nous devrons encore continuer \u00e0 vivre avec la pand\u00e9mie, on s&#8217;attend \u00e0 ce que cette ann\u00e9e, les locations de bureaux augmentent en Espagne et qu&#8217;en 2022 une reprise se produise. commencer cette demande principale pour atteindre des niveaux de recrutement en ligne avec la moyenne historique.<\/p>\n<p class=\"\">Une vente &amp; cession-bail? De Colliers, ils indiquent \u00e9galement une autre possibilit\u00e9, \u00eatre la propri\u00e9t\u00e9 du Parti populaire. \u00abUne op\u00e9ration de cession-bail pourrait \u00eatre envisag\u00e9e, engageant un revenu en ligne avec le march\u00e9 (27-29 \u20ac \/ m2 \/ mois pour un si\u00e8ge social de cette taille) et une dur\u00e9e contractuelle d&#8217;au moins 10 ans.<\/p>\n<p class=\"\">Cependant, ce type d&#8217;op\u00e9ration n&#8217;aurait pas de sens \u00e9tant donn\u00e9 qu&#8217;apparemment le Parti populaire veut transmettre un message de renouvellement total \u00bb, d\u00e9clare Mart\u00edn Galbete, directeur du bureau national de Colliers.<\/p>\n<p>Sources <a href=\"https:\/\/brainsre.news\/el-tesoro-escondido-del-pp-la-sede-de-genova-en-madrid-podria-valer-55-millones-de-euros\/\">Brainse.news<\/a><\/span><\/span><\/p>\n","protected":false},"excerpt":{"rendered":"<p>Le PP a annonc\u00e9 qu&#8217;il quitte son si\u00e8ge \u00e0 Madrid, qu&#8217;il a achet\u00e9 \u00e0 l&#8217;assureur Mapfre en 2006 pour 37 millions d&#8217;euros. Yolanda Duran \/ Nayara Mateo 16\/02\/2021 Si\u00e8ge du PP dans la rue Genova \u00e0 Madrid. Le pr\u00e9sident du PP, Pablo Casado, a annonc\u00e9 mardi de mani\u00e8re surprenante que le parti quitterait son si\u00e8ge [&hellip;]<\/p>\n","protected":false},"author":13,"featured_media":31967,"comment_status":"open","ping_status":"closed","sticky":false,"template":"","format":"standard","meta":{"om_disable_all_campaigns":false,"_monsterinsights_skip_tracking":false,"_monsterinsights_sitenote_active":false,"_monsterinsights_sitenote_note":"","_monsterinsights_sitenote_category":0,"_uf_show_specific_survey":0,"_uf_disable_surveys":false,"footnotes":""},"categories":[212],"tags":[],"class_list":["post-71159","post","type-post","status-publish","format-standard","has-post-thumbnail","hentry","category-breaking-news"],"acf":[],"_links":{"self":[{"href":"https:\/\/immo.lecourrier.es\/index.php\/wp-json\/wp\/v2\/posts\/71159","targetHints":{"allow":["GET"]}}],"collection":[{"href":"https:\/\/immo.lecourrier.es\/index.php\/wp-json\/wp\/v2\/posts"}],"about":[{"href":"https:\/\/immo.lecourrier.es\/index.php\/wp-json\/wp\/v2\/types\/post"}],"author":[{"embeddable":true,"href":"https:\/\/immo.lecourrier.es\/index.php\/wp-json\/wp\/v2\/users\/13"}],"replies":[{"embeddable":true,"href":"https:\/\/immo.lecourrier.es\/index.php\/wp-json\/wp\/v2\/comments?post=71159"}],"version-history":[{"count":0,"href":"https:\/\/immo.lecourrier.es\/index.php\/wp-json\/wp\/v2\/posts\/71159\/revisions"}],"wp:featuredmedia":[{"embeddable":true,"href":"https:\/\/immo.lecourrier.es\/index.php\/wp-json\/wp\/v2\/media\/31967"}],"wp:attachment":[{"href":"https:\/\/immo.lecourrier.es\/index.php\/wp-json\/wp\/v2\/media?parent=71159"}],"wp:term":[{"taxonomy":"category","embeddable":true,"href":"https:\/\/immo.lecourrier.es\/index.php\/wp-json\/wp\/v2\/categories?post=71159"},{"taxonomy":"post_tag","embeddable":true,"href":"https:\/\/immo.lecourrier.es\/index.php\/wp-json\/wp\/v2\/tags?post=71159"}],"curies":[{"name":"wp","href":"https:\/\/api.w.org\/{rel}","templated":true}]}}