{"id":71129,"date":"2026-03-09T17:40:16","date_gmt":"2026-03-09T17:40:16","guid":{"rendered":"https:\/\/immo.lecourrier.es\/index.php\/2026\/03\/09\/lhotel-mandarin-oriental-ritz-madrid-ouvrira-ses-portes-le-15-avril-2\/"},"modified":"2026-04-26T01:02:33","modified_gmt":"2026-04-26T01:02:33","slug":"lhotel-mandarin-oriental-ritz-madrid-ouvrira-ses-portes-le-15-avril-2","status":"publish","type":"post","link":"https:\/\/immo.lecourrier.es\/index.php\/2026\/03\/09\/lhotel-mandarin-oriental-ritz-madrid-ouvrira-ses-portes-le-15-avril-2\/","title":{"rendered":"L&#8217;h\u00f4tel Mandarin Oriental Ritz Madrid ouvrira ses portes le 15 avril"},"content":{"rendered":"<p><span dir=\"auto\" style=\"vertical-align: inherit\"><span dir=\"auto\" style=\"vertical-align: inherit\"><\/p>\n<p class=\"long\">L&#8217;h\u00f4tel Mandarin Oriental Ritz Madrid a annonc\u00e9 il y a quelques mois son ouverture d\u00e9but 2021, sans pr\u00e9ciser le jour. Enfin, l&#8217;ouverture aura lieu au deuxi\u00e8me trimestre de l&#8217;ann\u00e9e, concr\u00e8tement le 15 avril, comme indiqu\u00e9 sur son site internet.<\/p>\n<p class=\"long\"><span class=\"times-dropcap\">L<\/span>&#8216;\u00e9tablissement, qui s&#8217;est achev\u00e9 en f\u00e9vrier 2018 pour proc\u00e9der \u00e0 une r\u00e9novation compl\u00e8te de ses installations, a annonc\u00e9 aujourd&#8217;hui l&#8217;ouverture de cinq espaces gastronomiques cr\u00e9\u00e9s et dirig\u00e9s par les trois \u00e9toiles Michelin Quique Dacosta.<\/p>\n<p class=\"\">Apr\u00e8s la r\u00e9novation &#8220;le plus important dans l&#8217;histoire de cet h\u00f4tel&#8221;, s&#8217;il y aura trois restaurants &#8211; Deessa; Palm Court, \u00e0 c\u00f4t\u00e9 du d\u00f4me de cristal r\u00e9cup\u00e9r\u00e9, et le Jardin des Bars, Pictura et Champagne Bar, selon les d\u00e9tails de ce briefing dans une note de presse.<\/p>\n<p class=\"\">L&#8217;h\u00f4tel ouvrira avec 153 chambres d\u00e9cor\u00e9es par les designers fran\u00e7ais Gilles et Boissier, dont 53 suites qui compteront en cinq cat\u00e9gories. Parmi les services que l&#8217;on peut trouver sur le site, on trouve une salle de soins, un hammam, des douches \u00absensations\u00bb, un bassin cubique et un bassin vitalit\u00e9.<\/p>\n<p class=\"\">Inaugur\u00e9 en 1910, l&#8217;\u00e9tablissement est devenu au fil des ann\u00e9es un amphith\u00e9\u00e2tre de royaut\u00e9, d&#8217;hommes politiques, de magnats et de c\u00e9l\u00e9brit\u00e9s.Apr\u00e8s son ouverture en 1910, le Ritz d\u00e9colle avec une sc\u00e8ne exclusive le 27 f\u00e9vrier 2018, lorsqu&#8217;il propose un menu d\u00e9gustation avec certains des plats les plus repr\u00e9sentatifs de son restaurant, comme les cornflakes en l&#8217;honneur du roi Alfonso XIII.El Ritz de Madrid fermera jusqu&#8217;\u00e0 fin 2019 pour une r\u00e9novation compl\u00e8te<\/p>\n<p class=\"\">Le lendemain, l&#8217;h\u00f4tel fermera pour une r\u00e9novation de 99 millions d&#8217;euros, selon une annonce de Mandarin Oriental International au moment de son achat, plus d&#8217;un an avant sa fermeture, en collaboration avec le groupe saoudien Olayan.<\/p>\n<p class=\"\">Le 8 septembre 2018, lors des travaux de r\u00e9novation du Ritz, il s&#8217;effondre en raison d&#8217;une surcharge sur le plan du sixi\u00e8me \u00e9tage du b\u00e2timent provoquant l&#8217;effondrement du forg\u00e9 et l&#8217;effondrement des \u00e9tages inf\u00e9rieurs jusqu&#8217;au patio int\u00e9rieur, qui causer le tout un travailleur et h\u00e9riter des autres une fois.<\/p>\n<p>Source et suite <a href=\"https:\/\/www.hosteltur.com\/143162_el-hotel-mandarin-oriental-ritz-madrid-abrira-el-15-de-abril.html\">Hosteltur<\/a><\/span><\/span><\/p>\n","protected":false},"excerpt":{"rendered":"<p>L&#8217;h\u00f4tel Mandarin Oriental Ritz Madrid a annonc\u00e9 il y a quelques mois son ouverture d\u00e9but 2021, sans pr\u00e9ciser le jour. Enfin, l&#8217;ouverture aura lieu au deuxi\u00e8me trimestre de l&#8217;ann\u00e9e, concr\u00e8tement le 15 avril, comme indiqu\u00e9 sur son site internet. L&#8216;\u00e9tablissement, qui s&#8217;est achev\u00e9 en f\u00e9vrier 2018 pour proc\u00e9der \u00e0 une r\u00e9novation compl\u00e8te de ses installations, [&hellip;]<\/p>\n","protected":false},"author":13,"featured_media":31915,"comment_status":"open","ping_status":"closed","sticky":false,"template":"","format":"standard","meta":{"om_disable_all_campaigns":false,"_monsterinsights_skip_tracking":false,"_monsterinsights_sitenote_active":false,"_monsterinsights_sitenote_note":"","_monsterinsights_sitenote_category":0,"_uf_show_specific_survey":0,"_uf_disable_surveys":false,"footnotes":""},"categories":[212],"tags":[],"class_list":["post-71129","post","type-post","status-publish","format-standard","has-post-thumbnail","hentry","category-breaking-news"],"acf":[],"_links":{"self":[{"href":"https:\/\/immo.lecourrier.es\/index.php\/wp-json\/wp\/v2\/posts\/71129","targetHints":{"allow":["GET"]}}],"collection":[{"href":"https:\/\/immo.lecourrier.es\/index.php\/wp-json\/wp\/v2\/posts"}],"about":[{"href":"https:\/\/immo.lecourrier.es\/index.php\/wp-json\/wp\/v2\/types\/post"}],"author":[{"embeddable":true,"href":"https:\/\/immo.lecourrier.es\/index.php\/wp-json\/wp\/v2\/users\/13"}],"replies":[{"embeddable":true,"href":"https:\/\/immo.lecourrier.es\/index.php\/wp-json\/wp\/v2\/comments?post=71129"}],"version-history":[{"count":0,"href":"https:\/\/immo.lecourrier.es\/index.php\/wp-json\/wp\/v2\/posts\/71129\/revisions"}],"wp:featuredmedia":[{"embeddable":true,"href":"https:\/\/immo.lecourrier.es\/index.php\/wp-json\/wp\/v2\/media\/31915"}],"wp:attachment":[{"href":"https:\/\/immo.lecourrier.es\/index.php\/wp-json\/wp\/v2\/media?parent=71129"}],"wp:term":[{"taxonomy":"category","embeddable":true,"href":"https:\/\/immo.lecourrier.es\/index.php\/wp-json\/wp\/v2\/categories?post=71129"},{"taxonomy":"post_tag","embeddable":true,"href":"https:\/\/immo.lecourrier.es\/index.php\/wp-json\/wp\/v2\/tags?post=71129"}],"curies":[{"name":"wp","href":"https:\/\/api.w.org\/{rel}","templated":true}]}}