{"id":71091,"date":"2026-03-09T17:03:24","date_gmt":"2026-03-09T17:03:24","guid":{"rendered":"https:\/\/immo.lecourrier.es\/index.php\/2026\/03\/09\/la-demande-de-logements-daffaires-augmente-dans-les-principales-villes-despagne-2\/"},"modified":"2026-04-26T00:32:38","modified_gmt":"2026-04-26T00:32:38","slug":"la-demande-de-logements-daffaires-augmente-dans-les-principales-villes-despagne-2","status":"publish","type":"post","link":"https:\/\/immo.lecourrier.es\/index.php\/2026\/03\/09\/la-demande-de-logements-daffaires-augmente-dans-les-principales-villes-despagne-2\/","title":{"rendered":"La demande de logements d&#8217;affaires augmente dans les principales villes d&#8217;Espagne"},"content":{"rendered":"<p><span dir=\"auto\" style=\"vertical-align: inherit\"><span dir=\"auto\" style=\"vertical-align: inherit\"><\/p>\n<p class=\"long\">En avril, la demande locative pour ce type de logement a augment\u00e9 de 26% \u00e0 Madrid, 46% \u00e0 Barcelone et 27% \u00e0 Valence.<br \/>\nGabriel Santamarina (Brainsre.news)<br \/>\n05\/05\/2021<\/p>\n<p class=\"long\"><span class=\"times-dropcap\">L<\/span>a plateforme de location d&#8217;appartements Homelike a d\u00e9tect\u00e9 une demande naissante de logement de la part de personnes en d\u00e9placement professionnel. La demande a augment\u00e9 de 26% \u00e0 Madrid en avril, de 46% \u00e0 Barcelone et de 27% \u00e0 Valence.<\/p>\n<p>Selon le Country Manager de l&#8217;entreprise en Espagne, Samuel Toribio, ce ph\u00e9nom\u00e8ne est d\u00fb au fait que les travailleurs \u00e9trangers ayant la possibilit\u00e9 d&#8217;exercer \u00e0 distance ont d\u00e9m\u00e9nag\u00e9 dans ces logements dans notre pays. &#8220;L&#8217;Espagne est la destination id\u00e9ale pour les professionnels \u00e0 la recherche de beau temps, de prix raisonnables et de zones avec de bonnes connexions Internet&#8221;, a ajout\u00e9 Toribio.<\/p>\n<p>Malgr\u00e9 cela, les prix moyens mensuels de location des h\u00e9bergements pour les voyageurs d&#8217;affaires ont baiss\u00e9 de 26% l&#8217;an dernier par rapport \u00e0 2019. Actuellement, le prix moyen s&#8217;\u00e9tablit \u00e0 1 362 euros par mois charges comprises. Plus pr\u00e9cis\u00e9ment, \u00e0 Madrid, 1 390 euros sont pay\u00e9s par mois, \u00e0 Barcelone 1 482 euros par mois, \u00e0 Valence 971 euros, \u00e0 S\u00e9ville 1 320 euros, \u00e0 Malaga, il tombe \u00e0 1250 et \u00e0 Alicante, il s&#8217;\u00e9l\u00e8ve \u00e0 1190 euros par mois.<\/p>\n<p>Les nuit\u00e9es non h\u00f4teli\u00e8res continuent de baisser<\/p>\n<p>\u00c0 l&#8217;heure actuelle, et avec les donn\u00e9es de l&#8217;Institut national de la statistique (INE), les nuit\u00e9es non h\u00f4teli\u00e8res, qui comprennent les appartements touristiques, cumulent treize mois cons\u00e9cutifs de chutes. Ainsi, les nuit\u00e9es en mars ont recul\u00e9 de 46,2% dans les appartements touristiques, selon l&#8217;INE. Pourtant, la baisse enregistr\u00e9e en mars est la plus faible depuis le d\u00e9but de la pand\u00e9mie.<\/p>\n<p>Sources <a href=\"https:\/\/brainsre.news\/la-demanda-de-alojamientos-de-negocios-crece-en-las-principales-ciudades-de-espana\/\">Brainsre.news<\/a><\/span><\/span><\/p>\n","protected":false},"excerpt":{"rendered":"<p>En avril, la demande locative pour ce type de logement a augment\u00e9 de 26% \u00e0 Madrid, 46% \u00e0 Barcelone et 27% \u00e0 Valence. Gabriel Santamarina (Brainsre.news) 05\/05\/2021 La plateforme de location d&#8217;appartements Homelike a d\u00e9tect\u00e9 une demande naissante de logement de la part de personnes en d\u00e9placement professionnel. La demande a augment\u00e9 de 26% \u00e0 [&hellip;]<\/p>\n","protected":false},"author":13,"featured_media":31852,"comment_status":"open","ping_status":"closed","sticky":false,"template":"","format":"standard","meta":{"om_disable_all_campaigns":false,"_monsterinsights_skip_tracking":false,"_monsterinsights_sitenote_active":false,"_monsterinsights_sitenote_note":"","_monsterinsights_sitenote_category":0,"_uf_show_specific_survey":0,"_uf_disable_surveys":false,"footnotes":""},"categories":[212,234,4504],"tags":[],"class_list":["post-71091","post","type-post","status-publish","format-standard","has-post-thumbnail","hentry","category-breaking-news","category-logistique-retail","category-resilience-agri"],"acf":[],"_links":{"self":[{"href":"https:\/\/immo.lecourrier.es\/index.php\/wp-json\/wp\/v2\/posts\/71091","targetHints":{"allow":["GET"]}}],"collection":[{"href":"https:\/\/immo.lecourrier.es\/index.php\/wp-json\/wp\/v2\/posts"}],"about":[{"href":"https:\/\/immo.lecourrier.es\/index.php\/wp-json\/wp\/v2\/types\/post"}],"author":[{"embeddable":true,"href":"https:\/\/immo.lecourrier.es\/index.php\/wp-json\/wp\/v2\/users\/13"}],"replies":[{"embeddable":true,"href":"https:\/\/immo.lecourrier.es\/index.php\/wp-json\/wp\/v2\/comments?post=71091"}],"version-history":[{"count":0,"href":"https:\/\/immo.lecourrier.es\/index.php\/wp-json\/wp\/v2\/posts\/71091\/revisions"}],"wp:featuredmedia":[{"embeddable":true,"href":"https:\/\/immo.lecourrier.es\/index.php\/wp-json\/wp\/v2\/media\/31852"}],"wp:attachment":[{"href":"https:\/\/immo.lecourrier.es\/index.php\/wp-json\/wp\/v2\/media?parent=71091"}],"wp:term":[{"taxonomy":"category","embeddable":true,"href":"https:\/\/immo.lecourrier.es\/index.php\/wp-json\/wp\/v2\/categories?post=71091"},{"taxonomy":"post_tag","embeddable":true,"href":"https:\/\/immo.lecourrier.es\/index.php\/wp-json\/wp\/v2\/tags?post=71091"}],"curies":[{"name":"wp","href":"https:\/\/api.w.org\/{rel}","templated":true}]}}