{"id":71027,"date":"2026-03-09T16:08:41","date_gmt":"2026-03-09T16:08:41","guid":{"rendered":"https:\/\/immo.lecourrier.es\/index.php\/2026\/03\/09\/bob-w-debarque-en-espagne-avec-ses-premiers-appartements-a-madrid-2\/"},"modified":"2026-04-25T23:31:52","modified_gmt":"2026-04-25T23:31:52","slug":"bob-w-debarque-en-espagne-avec-ses-premiers-appartements-a-madrid-2","status":"publish","type":"post","link":"https:\/\/immo.lecourrier.es\/index.php\/2026\/03\/09\/bob-w-debarque-en-espagne-avec-ses-premiers-appartements-a-madrid-2\/","title":{"rendered":"Bob W d\u00e9barque en Espagne avec ses premiers appartements \u00e0 Madrid"},"content":{"rendered":"<p><span dir=\"auto\" style=\"vertical-align: inherit\"><span dir=\"auto\" style=\"vertical-align: inherit\"><\/p>\n<p class=\"long\">Bob W, soci\u00e9t\u00e9 finlandaise sp\u00e9cialis\u00e9e dans l&#8217;h\u00e9bergement de courte dur\u00e9e, ouvrira ses premiers appartements dans notre pays en septembre.<\/p>\n<p class=\"\">Ignace Garcia<\/p>\n<p class=\"\">19\/08\/2021<\/p>\n<p class=\"\">Bob W d\u00e9barque en Espagne avec ses premiers appartements \u00e0 MadridBob W, soci\u00e9t\u00e9 sp\u00e9cialis\u00e9e dans l&#8217;h\u00e9bergement design de courte dur\u00e9e, ouvrira ses premiers appartements en Espagne en septembre, selon la soci\u00e9t\u00e9 finlandaise, conseill\u00e9e par le cabinet de conseil britannique Harper Dennis Hobbs.<\/p>\n<p class=\"\">Plus pr\u00e9cis\u00e9ment, Bob W, qui poss\u00e8de actuellement des appartements \u00e0 Helsinki (Finlande) et \u00e0 Tallin (Estonie), ouvrira le mois prochain Bob W Chueca au 45, rue Fuencarral, dans le quartier du centre-ville de Madrid.<\/p>\n<p>Benjamin Russel, directeur de l&#8217;immobilier chez Bob W, a d\u00e9clar\u00e9 : \u00ab Dans notre recherche de l&#8217;actif parfait, nous nous sommes concentr\u00e9s d&#8217;abord sur l&#8217;identification des meilleurs quartiers pour Bob. En ce sens, &#8220;Fuencarral, \u00e0 Chueca, est le type d&#8217;endroit o\u00f9 vous pouvez rester deux nuits ou deux mois, et sentir que vous avez v\u00e9cu une exp\u00e9rience unique dans l&#8217;une des capitales de l&#8217;Europe&#8221;, a-t-il indiqu\u00e9.<\/p>\n<p>Plus pr\u00e9cis\u00e9ment, Bob W Chueca aura des studios et des maisons d&#8217;une chambre.<\/p>\n<p>Alternative aux h\u00f4tels<\/p>\n<p>L&#8217;objectif de Bob W, qui entrera \u00e9galement sur le march\u00e9 londonien en 2022, est de proposer une alternative \u00e0 l&#8217;h\u00f4tellerie et \u00e0 la location courte dur\u00e9e.<\/p>\n<p>La soci\u00e9t\u00e9 finlandaise, dont l&#8217;\u00e9quipe se compose de plus de 30 personnes, pr\u00e9voit de s&#8217;\u00e9tendre \u00e0 d&#8217;autres r\u00e9gions d&#8217;Europe dans les ann\u00e9es \u00e0 venir.<\/p>\n<p>Sources <a href=\"https:\/\/brainsre.news\/bob-w-desembarca-espana-sus-primeros-apartamentos-madrid\/\">Brainsre.news<\/a><\/span><\/span><\/p>\n","protected":false},"excerpt":{"rendered":"<p>Bob W, soci\u00e9t\u00e9 finlandaise sp\u00e9cialis\u00e9e dans l&#8217;h\u00e9bergement de courte dur\u00e9e, ouvrira ses premiers appartements dans notre pays en septembre. Ignace Garcia 19\/08\/2021 Bob W d\u00e9barque en Espagne avec ses premiers appartements \u00e0 MadridBob W, soci\u00e9t\u00e9 sp\u00e9cialis\u00e9e dans l&#8217;h\u00e9bergement design de courte dur\u00e9e, ouvrira ses premiers appartements en Espagne en septembre, selon la soci\u00e9t\u00e9 finlandaise, conseill\u00e9e [&hellip;]<\/p>\n","protected":false},"author":13,"featured_media":31753,"comment_status":"open","ping_status":"closed","sticky":false,"template":"","format":"standard","meta":{"om_disable_all_campaigns":false,"_monsterinsights_skip_tracking":false,"_monsterinsights_sitenote_active":false,"_monsterinsights_sitenote_note":"","_monsterinsights_sitenote_category":0,"_uf_show_specific_survey":0,"_uf_disable_surveys":false,"footnotes":""},"categories":[212,4504],"tags":[],"class_list":["post-71027","post","type-post","status-publish","format-standard","has-post-thumbnail","hentry","category-breaking-news","category-resilience-agri"],"acf":[],"_links":{"self":[{"href":"https:\/\/immo.lecourrier.es\/index.php\/wp-json\/wp\/v2\/posts\/71027","targetHints":{"allow":["GET"]}}],"collection":[{"href":"https:\/\/immo.lecourrier.es\/index.php\/wp-json\/wp\/v2\/posts"}],"about":[{"href":"https:\/\/immo.lecourrier.es\/index.php\/wp-json\/wp\/v2\/types\/post"}],"author":[{"embeddable":true,"href":"https:\/\/immo.lecourrier.es\/index.php\/wp-json\/wp\/v2\/users\/13"}],"replies":[{"embeddable":true,"href":"https:\/\/immo.lecourrier.es\/index.php\/wp-json\/wp\/v2\/comments?post=71027"}],"version-history":[{"count":0,"href":"https:\/\/immo.lecourrier.es\/index.php\/wp-json\/wp\/v2\/posts\/71027\/revisions"}],"wp:featuredmedia":[{"embeddable":true,"href":"https:\/\/immo.lecourrier.es\/index.php\/wp-json\/wp\/v2\/media\/31753"}],"wp:attachment":[{"href":"https:\/\/immo.lecourrier.es\/index.php\/wp-json\/wp\/v2\/media?parent=71027"}],"wp:term":[{"taxonomy":"category","embeddable":true,"href":"https:\/\/immo.lecourrier.es\/index.php\/wp-json\/wp\/v2\/categories?post=71027"},{"taxonomy":"post_tag","embeddable":true,"href":"https:\/\/immo.lecourrier.es\/index.php\/wp-json\/wp\/v2\/tags?post=71027"}],"curies":[{"name":"wp","href":"https:\/\/api.w.org\/{rel}","templated":true}]}}