{"id":71024,"date":"2026-03-09T16:08:24","date_gmt":"2026-03-09T16:08:24","guid":{"rendered":"https:\/\/immo.lecourrier.es\/index.php\/2026\/03\/09\/le-mexique-se-prepare-a-operer-avec-trois-aeroports-autour-de-la-capitale-2\/"},"modified":"2026-04-25T23:31:48","modified_gmt":"2026-04-25T23:31:48","slug":"le-mexique-se-prepare-a-operer-avec-trois-aeroports-autour-de-la-capitale-2","status":"publish","type":"post","link":"https:\/\/immo.lecourrier.es\/index.php\/2026\/03\/09\/le-mexique-se-prepare-a-operer-avec-trois-aeroports-autour-de-la-capitale-2\/","title":{"rendered":"Le Mexique se pr\u00e9pare \u00e0 op\u00e9rer avec trois a\u00e9roports autour de la capitale"},"content":{"rendered":"<p><span dir=\"auto\" style=\"vertical-align: inherit\"><span dir=\"auto\" style=\"vertical-align: inherit\"><\/p>\n<p class=\"long\"><span class=\"times-dropcap\">L<\/span>e gouvernement du Mexique a qualifi\u00e9 de \u00ab totalement viable \u00bb l&#8217;exploitation du nouvel a\u00e9roport international Felipe \u00c1ngeles (construit sur la base a\u00e9rienne de Santa Luc\u00eda), en m\u00eame temps que celle de l&#8217;a\u00e9roport international de Mexico et celle de Toluca. De m\u00eame, la transformation de l&#8217;entreprise progresse, pour compl\u00e9ter le projet d&#8217;Andr\u00e9s Manuel L\u00f3pez Obrador d&#8217;op\u00e9rer avec trois terminaux dans la Vall\u00e9e de Mexico.<\/p>\n<p class=\"long\"><span class=\"times-dropcap\">L<\/span>e minist\u00e8re des Communications et des Transports (SCT) du Mexique a signal\u00e9 ce mardi 17 ao\u00fbt que les trajectoires d&#8217;arriv\u00e9e et de d\u00e9part et la navigabilit\u00e9 de l&#8217;a\u00e9roport international Felipe \u00c1ngeles (AIFA), toujours en construction dans l&#8217;espace de la base a\u00e9rienne de Santa Luc\u00eda, ils sont &#8220;totalement viables&#8221; pour fonctionner simultan\u00e9ment avec l&#8217;a\u00e9roport international de Mexico et celui de Toluca.Il convient de rappeler qu&#8217;apr\u00e8s une consultation citoyenne, le gouvernement d&#8217;Andr\u00e9s Manuel L\u00f3pez Obrador avait annul\u00e9 le projet de l&#8217;a\u00e9roport international du Nouveau-Mexique (NAIM) en 2018, et \u00e0 sa place le syst\u00e8me a\u00e9roportuaire mexicain (SAM) a \u00e9t\u00e9 cr\u00e9\u00e9, pour la redistribution des op\u00e9rations dans trois terminaux autour de la zone m\u00e9tropolitaine du District f\u00e9d\u00e9ral : l&#8217;a\u00e9roport international de Mexico (Benito Ju\u00e1rez), l&#8217;a\u00e9roport international de Toluca et le nouvel a\u00e9roport de Santa Luc\u00eda, d\u00e9sormais baptis\u00e9 AIFA, qui sera inaugur\u00e9 le 21 mars 2022 .<\/p>\n<p class=\"\">L&#8217;a\u00e9roport international Felipe \u00c1ngeles de Santa Luc\u00eda ouvrira en mars 2022. Selon les informations, de cette mani\u00e8re, il serait possible de maintenir &#8220;des s\u00e9parations verticales et lat\u00e9rales dans la navigabilit\u00e9 de la vall\u00e9e de Mexico&#8221;, conform\u00e9ment aux normes de l&#8217;Organisation de l&#8217;aviation civile internationale (OACI). &#8220;Les diff\u00e9rentes analyses de sc\u00e9narios et d&#8217;\u00e9valuations ont montr\u00e9 que les nouvelles routes sont conformes aux r\u00e9glementations nationales et internationales et garantissent la s\u00e9curit\u00e9 et l&#8217;efficacit\u00e9 des op\u00e9rations a\u00e9riennes&#8221;, a d\u00e9clar\u00e9 le portefeuille mexicain dans son communiqu\u00e9.<\/p>\n<p>Source et suite <a href=\"https:\/\/www.hosteltur.com\/lat\/146110_mexico-se-prepara-para-operar-con-tres-aeropuertos-en-torno-a-la-capital.html\">Hosteltur<\/a><\/span><\/span><\/p>\n","protected":false},"excerpt":{"rendered":"<p>Le gouvernement du Mexique a qualifi\u00e9 de \u00ab totalement viable \u00bb l&#8217;exploitation du nouvel a\u00e9roport international Felipe \u00c1ngeles (construit sur la base a\u00e9rienne de Santa Luc\u00eda), en m\u00eame temps que celle de l&#8217;a\u00e9roport international de Mexico et celle de Toluca. De m\u00eame, la transformation de l&#8217;entreprise progresse, pour compl\u00e9ter le projet d&#8217;Andr\u00e9s Manuel L\u00f3pez Obrador [&hellip;]<\/p>\n","protected":false},"author":13,"featured_media":31746,"comment_status":"open","ping_status":"closed","sticky":false,"template":"","format":"standard","meta":{"om_disable_all_campaigns":false,"_monsterinsights_skip_tracking":false,"_monsterinsights_sitenote_active":false,"_monsterinsights_sitenote_note":"","_monsterinsights_sitenote_category":0,"_uf_show_specific_survey":0,"_uf_disable_surveys":false,"footnotes":""},"categories":[212],"tags":[],"class_list":["post-71024","post","type-post","status-publish","format-standard","has-post-thumbnail","hentry","category-breaking-news"],"acf":[],"_links":{"self":[{"href":"https:\/\/immo.lecourrier.es\/index.php\/wp-json\/wp\/v2\/posts\/71024","targetHints":{"allow":["GET"]}}],"collection":[{"href":"https:\/\/immo.lecourrier.es\/index.php\/wp-json\/wp\/v2\/posts"}],"about":[{"href":"https:\/\/immo.lecourrier.es\/index.php\/wp-json\/wp\/v2\/types\/post"}],"author":[{"embeddable":true,"href":"https:\/\/immo.lecourrier.es\/index.php\/wp-json\/wp\/v2\/users\/13"}],"replies":[{"embeddable":true,"href":"https:\/\/immo.lecourrier.es\/index.php\/wp-json\/wp\/v2\/comments?post=71024"}],"version-history":[{"count":0,"href":"https:\/\/immo.lecourrier.es\/index.php\/wp-json\/wp\/v2\/posts\/71024\/revisions"}],"wp:featuredmedia":[{"embeddable":true,"href":"https:\/\/immo.lecourrier.es\/index.php\/wp-json\/wp\/v2\/media\/31746"}],"wp:attachment":[{"href":"https:\/\/immo.lecourrier.es\/index.php\/wp-json\/wp\/v2\/media?parent=71024"}],"wp:term":[{"taxonomy":"category","embeddable":true,"href":"https:\/\/immo.lecourrier.es\/index.php\/wp-json\/wp\/v2\/categories?post=71024"},{"taxonomy":"post_tag","embeddable":true,"href":"https:\/\/immo.lecourrier.es\/index.php\/wp-json\/wp\/v2\/tags?post=71024"}],"curies":[{"name":"wp","href":"https:\/\/api.w.org\/{rel}","templated":true}]}}