{"id":70955,"date":"2026-03-09T15:26:59","date_gmt":"2026-03-09T15:26:59","guid":{"rendered":"https:\/\/immo.lecourrier.es\/index.php\/2026\/03\/09\/ryanair-demande-des-aides-et-des-reductions-de-tarifs-tout-en-ajoutant-des-liaisons-vers-madrid-2\/"},"modified":"2026-04-25T22:46:09","modified_gmt":"2026-04-25T22:46:09","slug":"ryanair-demande-des-aides-et-des-reductions-de-tarifs-tout-en-ajoutant-des-liaisons-vers-madrid-2","status":"publish","type":"post","link":"https:\/\/immo.lecourrier.es\/index.php\/2026\/03\/09\/ryanair-demande-des-aides-et-des-reductions-de-tarifs-tout-en-ajoutant-des-liaisons-vers-madrid-2\/","title":{"rendered":"Ryanair demande des aides et des r\u00e9ductions de tarifs tout en ajoutant des liaisons vers Madrid"},"content":{"rendered":"<p><span dir=\"auto\" style=\"vertical-align: inherit\"><span dir=\"auto\" style=\"vertical-align: inherit\"><\/p>\n<h4 class=\"long\"><strong>La compagnie a\u00e9rienne Ryanair exploitera cet hiver 52 liaisons au d\u00e9part et \u00e0 destination de Madrid, dont sept nouvelles, qui relieront la capitale espagnole aux destinations europ\u00e9ennes \u00e0 partir d&#8217;octobre. Dans le cadre de l&#8217;annonce de sa nouvelle programmation, la compagnie low-cost a \u00e9voqu\u00e9 l&#8217;urgence de r\u00e9duire &#8220;les redevances a\u00e9roportuaires espagnoles excessives et la mise en place d&#8217;incitations&#8221; pour relancer l&#8217;activit\u00e9 et la demande a\u00e9riennes.<\/strong><\/h4>\n<p>08\/09\/21<\/p>\n<p>En octobre, Ryanair adaptera son programme de vols et pr\u00e9voit d&#8217;op\u00e9rer un total de 52 liaisons au d\u00e9part de Madrid vers 20 pays diff\u00e9rents, dont sept nouvelles liaisons : Agadir (Maroc), Bordeaux (France), Bristol (Royaume-Uni), Kaunas (Lituanie), Las Palmas (Espagne), Lisbonne (Portugal) et Turin (Italie)<br \/>\nPour respecter l&#8217;horaire d&#8217;hiver, la compagnie a\u00e9rienne recevra 55 nouveaux Boeing 737-8200 &#8220;Gamechanger&#8221;, qui &#8220;contribueront \u00e0 stimuler le trafic a\u00e9rien espagnol&#8221;, a d\u00e9clar\u00e9 Eddie Wilson, PDG de Ryanair.<\/p>\n<p>Apr\u00e8s avoir d\u00e9clar\u00e9 que Ryanair &#8220;s&#8217;est engag\u00e9 dans la reprise de l&#8217;industrie touristique de Madrid&#8221;, le PDG de la compagnie a\u00e9rienne a d\u00e9clar\u00e9 que &#8220;AENA et le gouvernement espagnol devraient r\u00e9duire les redevances a\u00e9roportuaires espagnoles excessives qui nuisent \u00e0 la comp\u00e9titivit\u00e9 des a\u00e9roports nationaux par rapport \u00e0 leurs homologues europ\u00e9ens&#8221;.<br \/>\nSelon Wilson, &#8220;la r\u00e9duction des tarifs dans les a\u00e9roports espagnols et l&#8217;introduction d&#8217;incitations \u00e0 long terme pour la reprise du trafic a\u00e9rien faciliteraient une reprise rapide du tourisme et de l&#8217;emploi gr\u00e2ce aux tarifs bas de Ryanair et \u00e0 notre plan de croissance pour les prochaines ann\u00e9es&#8221;.<\/p>\n<p>Source : <a href=\"https:\/\/www.hosteltur.com\/146483_ryanair-pide-incentivos-y-reduccion-de-tasas-mientras-suma-rutas-a-madrid.html\">Hosteltur<\/a><\/span><\/span><\/p>\n","protected":false},"excerpt":{"rendered":"<p>La compagnie a\u00e9rienne Ryanair exploitera cet hiver 52 liaisons au d\u00e9part et \u00e0 destination de Madrid, dont sept nouvelles, qui relieront la capitale espagnole aux destinations europ\u00e9ennes \u00e0 partir d&#8217;octobre. Dans le cadre de l&#8217;annonce de sa nouvelle programmation, la compagnie low-cost a \u00e9voqu\u00e9 l&#8217;urgence de r\u00e9duire &#8220;les redevances a\u00e9roportuaires espagnoles excessives et la mise [&hellip;]<\/p>\n","protected":false},"author":13,"featured_media":70956,"comment_status":"open","ping_status":"closed","sticky":false,"template":"","format":"standard","meta":{"om_disable_all_campaigns":false,"_monsterinsights_skip_tracking":false,"_monsterinsights_sitenote_active":false,"_monsterinsights_sitenote_note":"","_monsterinsights_sitenote_category":0,"_uf_show_specific_survey":0,"_uf_disable_surveys":false,"footnotes":""},"categories":[212,234],"tags":[],"class_list":["post-70955","post","type-post","status-publish","format-standard","has-post-thumbnail","hentry","category-breaking-news","category-logistique-retail"],"acf":[],"_links":{"self":[{"href":"https:\/\/immo.lecourrier.es\/index.php\/wp-json\/wp\/v2\/posts\/70955","targetHints":{"allow":["GET"]}}],"collection":[{"href":"https:\/\/immo.lecourrier.es\/index.php\/wp-json\/wp\/v2\/posts"}],"about":[{"href":"https:\/\/immo.lecourrier.es\/index.php\/wp-json\/wp\/v2\/types\/post"}],"author":[{"embeddable":true,"href":"https:\/\/immo.lecourrier.es\/index.php\/wp-json\/wp\/v2\/users\/13"}],"replies":[{"embeddable":true,"href":"https:\/\/immo.lecourrier.es\/index.php\/wp-json\/wp\/v2\/comments?post=70955"}],"version-history":[{"count":0,"href":"https:\/\/immo.lecourrier.es\/index.php\/wp-json\/wp\/v2\/posts\/70955\/revisions"}],"wp:featuredmedia":[{"embeddable":true,"href":"https:\/\/immo.lecourrier.es\/index.php\/wp-json\/wp\/v2\/media\/70956"}],"wp:attachment":[{"href":"https:\/\/immo.lecourrier.es\/index.php\/wp-json\/wp\/v2\/media?parent=70955"}],"wp:term":[{"taxonomy":"category","embeddable":true,"href":"https:\/\/immo.lecourrier.es\/index.php\/wp-json\/wp\/v2\/categories?post=70955"},{"taxonomy":"post_tag","embeddable":true,"href":"https:\/\/immo.lecourrier.es\/index.php\/wp-json\/wp\/v2\/tags?post=70955"}],"curies":[{"name":"wp","href":"https:\/\/api.w.org\/{rel}","templated":true}]}}