{"id":70953,"date":"2026-03-09T15:22:47","date_gmt":"2026-03-09T15:22:47","guid":{"rendered":"https:\/\/immo.lecourrier.es\/index.php\/2026\/03\/09\/airbaltic-lance-une-nouvelle-route-avec-les-iles-canaries-2\/"},"modified":"2026-04-25T22:46:08","modified_gmt":"2026-04-25T22:46:08","slug":"airbaltic-lance-une-nouvelle-route-avec-les-iles-canaries-2","status":"publish","type":"post","link":"https:\/\/immo.lecourrier.es\/index.php\/2026\/03\/09\/airbaltic-lance-une-nouvelle-route-avec-les-iles-canaries-2\/","title":{"rendered":"AirBaltic lance une nouvelle route avec les \u00eeles Canaries"},"content":{"rendered":"<p><span dir=\"auto\" style=\"vertical-align: inherit\"><span dir=\"auto\" style=\"vertical-align: inherit\"><\/p>\n<h4 class=\"long\"><strong>AirBaltic, la compagnie a\u00e9rienne nationale de Lettonie, a commenc\u00e9 ce vendredi l&#8217;exploitation de sa nouvelle route de Tenerife \u00e0 la capitale lettone de Riga, avec trois fr\u00e9quences hebdomadaires. (Hosteltur)<\/strong><\/h4>\n<p>04\/09\/21<\/p>\n<p>Les vols entre T\u00e9n\u00e9rife et Riga sont assur\u00e9s par un Airbus A220-300. AirBaltic maintient \u00e9galement ses liaisons directes depuis Madrid, Barcelone, Palma de Majorque, Malaga et Valence vers Riga, ainsi que des vols directs depuis Malaga vers Tallinn, la capitale de l&#8217;Estonie.<\/p>\n<p>Martin Gauss, PDG d&#8217;AirBaltic a soulign\u00e9 que \u00ab Riga est le centre d&#8217;affaires cl\u00e9 des pays baltes et offre des options pour les voyageurs d&#8217;affaires et de loisirs. C&#8217;est \u00e9galement un point de transit tr\u00e8s pratique avec des connexions \u00e0 notre vaste r\u00e9seau de routes. \u00bb<\/p>\n<p>AirBaltic a mis en place des mesures sanitaires strictes et ses op\u00e9rations a\u00e9riennes suivent les recommandations \u00e9mises par les autorit\u00e9s, qui sont largement relay\u00e9es sur son site internet airbaltic.com.<\/p>\n<p>Il recommande \u00e9galement aux passagers de v\u00e9rifier les r\u00e9glementations et les restrictions de voyage \u00e0 l&#8217;a\u00e9roport sur les sites Web officiels ou les ambassades locales avant de voyager. &#8220;Les r\u00e9glementations \u00e9voluent rapidement et varient selon les pays, les passagers sont donc pri\u00e9s de toujours s&#8217;assurer qu&#8217;ils disposent des derni\u00e8res informations pour un voyage en douceur&#8221;, ont-ils averti.<\/p>\n<p>Source : <a href=\"https:\/\/www.hosteltur.com\/146408_airbaltic-pone-en-marcha-una-nueva-ruta-con-canarias.html\">Hosteltur<\/a><\/span><\/span><\/p>\n","protected":false},"excerpt":{"rendered":"<p>AirBaltic, la compagnie a\u00e9rienne nationale de Lettonie, a commenc\u00e9 ce vendredi l&#8217;exploitation de sa nouvelle route de Tenerife \u00e0 la capitale lettone de Riga, avec trois fr\u00e9quences hebdomadaires. (Hosteltur) 04\/09\/21 Les vols entre T\u00e9n\u00e9rife et Riga sont assur\u00e9s par un Airbus A220-300. AirBaltic maintient \u00e9galement ses liaisons directes depuis Madrid, Barcelone, Palma de Majorque, Malaga [&hellip;]<\/p>\n","protected":false},"author":13,"featured_media":31299,"comment_status":"open","ping_status":"closed","sticky":false,"template":"","format":"standard","meta":{"om_disable_all_campaigns":false,"_monsterinsights_skip_tracking":false,"_monsterinsights_sitenote_active":false,"_monsterinsights_sitenote_note":"","_monsterinsights_sitenote_category":0,"_uf_show_specific_survey":0,"_uf_disable_surveys":false,"footnotes":""},"categories":[212,234],"tags":[],"class_list":["post-70953","post","type-post","status-publish","format-standard","has-post-thumbnail","hentry","category-breaking-news","category-logistique-retail"],"acf":[],"_links":{"self":[{"href":"https:\/\/immo.lecourrier.es\/index.php\/wp-json\/wp\/v2\/posts\/70953","targetHints":{"allow":["GET"]}}],"collection":[{"href":"https:\/\/immo.lecourrier.es\/index.php\/wp-json\/wp\/v2\/posts"}],"about":[{"href":"https:\/\/immo.lecourrier.es\/index.php\/wp-json\/wp\/v2\/types\/post"}],"author":[{"embeddable":true,"href":"https:\/\/immo.lecourrier.es\/index.php\/wp-json\/wp\/v2\/users\/13"}],"replies":[{"embeddable":true,"href":"https:\/\/immo.lecourrier.es\/index.php\/wp-json\/wp\/v2\/comments?post=70953"}],"version-history":[{"count":0,"href":"https:\/\/immo.lecourrier.es\/index.php\/wp-json\/wp\/v2\/posts\/70953\/revisions"}],"wp:featuredmedia":[{"embeddable":true,"href":"https:\/\/immo.lecourrier.es\/index.php\/wp-json\/wp\/v2\/media\/31299"}],"wp:attachment":[{"href":"https:\/\/immo.lecourrier.es\/index.php\/wp-json\/wp\/v2\/media?parent=70953"}],"wp:term":[{"taxonomy":"category","embeddable":true,"href":"https:\/\/immo.lecourrier.es\/index.php\/wp-json\/wp\/v2\/categories?post=70953"},{"taxonomy":"post_tag","embeddable":true,"href":"https:\/\/immo.lecourrier.es\/index.php\/wp-json\/wp\/v2\/tags?post=70953"}],"curies":[{"name":"wp","href":"https:\/\/api.w.org\/{rel}","templated":true}]}}