{"id":70944,"date":"2026-03-09T15:13:51","date_gmt":"2026-03-09T15:13:51","guid":{"rendered":"https:\/\/immo.lecourrier.es\/index.php\/2026\/03\/09\/ikos-resorts-achete-un-hotel-de-luxe-a-majorque-pour-110-millions-2\/"},"modified":"2026-04-25T22:31:07","modified_gmt":"2026-04-25T22:31:07","slug":"ikos-resorts-achete-un-hotel-de-luxe-a-majorque-pour-110-millions-2","status":"publish","type":"post","link":"https:\/\/immo.lecourrier.es\/index.php\/2026\/03\/09\/ikos-resorts-achete-un-hotel-de-luxe-a-majorque-pour-110-millions-2\/","title":{"rendered":"Ikos Resorts ach\u00e8te un h\u00f4tel de luxe \u00e0 Majorque pour 110 millions"},"content":{"rendered":"<p><span dir=\"auto\" style=\"vertical-align: inherit\"><span dir=\"auto\" style=\"vertical-align: inherit\"><\/p>\n<h4 class=\"long\"><strong>Le complexe h\u00f4telier qui sera inaugur\u00e9 en avril 2023 sera r\u00e9nov\u00e9 et agrandi, augmentant son nombre de chambres de 36%. (Brainsre.news)<\/strong><\/h4>\n<p>15\/09\/21<\/p>\n<p>Ikos Resorts rach\u00e8te l&#8217;h\u00f4tel cinq \u00e9toiles Blau Porto Petro \u00e0 Grupo Roxa pour 110 millions d&#8217;euros. Selon des informations transmises \u00e0 divers m\u00e9dias, la nouvelle propri\u00e9t\u00e9 subira une importante r\u00e9forme qui durera jusqu&#8217;\u00e0 sa nouvelle ouverture, pr\u00e9vue en avril 2023.<\/p>\n<p>L&#8217;atout est proche du port de plaisance de Porto Petro et du parc naturel de Mondrag\u00f3, dans l&#8217;une des zones les plus pr\u00e9serv\u00e9es et naturelles de l&#8217;\u00eele.<\/p>\n<p>Le Blau Porto Petro compte 319 chambres, mais apr\u00e8s la r\u00e9forme, il en ajoutera 115 de plus, pour atteindre 434. En outre, le complexe h\u00f4telier disposera de six restaurants, d&#8217;un spa et d&#8217;un espace sportif de 10 000 m\u00e8tres carr\u00e9s.<\/p>\n<p>Luis Herault, PDG d&#8217;Ikos, explique : \u00ab Nous sommes convaincus que ce nouveau projet sera un grand succ\u00e8s pour Ikos Resorts. L&#8217;entr\u00e9e \u00e0 Majorque, l&#8217;une des destinations les plus embl\u00e9matiques du tourisme au monde, et l&#8217;exclusivit\u00e9 de Porto Petro, nous offrent un cadre incomparable pour que nos clients puissent profiter d&#8217;une exp\u00e9rience Infinite Lifestyle de destination et de produit au plus haut niveau \u00bb.<\/p>\n<h6><strong>Portefeuille Ikos<\/strong><\/h6>\n<p>Ikos \u00e9tend ainsi son portefeuille en Espagne, o\u00f9 il ne disposait que d&#8217;un seul complexe, l&#8217;Ikos Andalousie. Cet h\u00f4tel, situ\u00e9 \u00e0 Marbella, a ouvert ses portes en mai de cette ann\u00e9e avec 411 chambres. De plus, dans la p\u00e9ninsule, pour 2024, il ajoutera Ikos Cortes\u00eda, en Algarve, \u00e0 son portefeuille.<\/p>\n<p>L&#8217;entreprise est tr\u00e8s pr\u00e9sente en Gr\u00e8ce, avec plusieurs propri\u00e9t\u00e9s : Ikos Dassia, \u00e0 Corfou ; Ikos Aria, \u00e0 Kos ; Ikos Oceania et Ikos Olivia, dans la p\u00e9ninsule de Chalcidique.<\/p>\n<p><em>Source :<\/em> <a href=\"https:\/\/brainsre.news\/ikos-resorts-compra-hotel-lujo-mallorca-110-millones\/\">Brainsre.news<\/a><\/span><\/span><\/p>\n","protected":false},"excerpt":{"rendered":"<p>Le complexe h\u00f4telier qui sera inaugur\u00e9 en avril 2023 sera r\u00e9nov\u00e9 et agrandi, augmentant son nombre de chambres de 36%. (Brainsre.news) 15\/09\/21 Ikos Resorts rach\u00e8te l&#8217;h\u00f4tel cinq \u00e9toiles Blau Porto Petro \u00e0 Grupo Roxa pour 110 millions d&#8217;euros. Selon des informations transmises \u00e0 divers m\u00e9dias, la nouvelle propri\u00e9t\u00e9 subira une importante r\u00e9forme qui durera jusqu&#8217;\u00e0 [&hellip;]<\/p>\n","protected":false},"author":13,"featured_media":31652,"comment_status":"open","ping_status":"closed","sticky":false,"template":"","format":"standard","meta":{"om_disable_all_campaigns":false,"_monsterinsights_skip_tracking":false,"_monsterinsights_sitenote_active":false,"_monsterinsights_sitenote_note":"","_monsterinsights_sitenote_category":0,"_uf_show_specific_survey":0,"_uf_disable_surveys":false,"footnotes":""},"categories":[212],"tags":[],"class_list":["post-70944","post","type-post","status-publish","format-standard","has-post-thumbnail","hentry","category-breaking-news"],"acf":[],"_links":{"self":[{"href":"https:\/\/immo.lecourrier.es\/index.php\/wp-json\/wp\/v2\/posts\/70944","targetHints":{"allow":["GET"]}}],"collection":[{"href":"https:\/\/immo.lecourrier.es\/index.php\/wp-json\/wp\/v2\/posts"}],"about":[{"href":"https:\/\/immo.lecourrier.es\/index.php\/wp-json\/wp\/v2\/types\/post"}],"author":[{"embeddable":true,"href":"https:\/\/immo.lecourrier.es\/index.php\/wp-json\/wp\/v2\/users\/13"}],"replies":[{"embeddable":true,"href":"https:\/\/immo.lecourrier.es\/index.php\/wp-json\/wp\/v2\/comments?post=70944"}],"version-history":[{"count":0,"href":"https:\/\/immo.lecourrier.es\/index.php\/wp-json\/wp\/v2\/posts\/70944\/revisions"}],"wp:featuredmedia":[{"embeddable":true,"href":"https:\/\/immo.lecourrier.es\/index.php\/wp-json\/wp\/v2\/media\/31652"}],"wp:attachment":[{"href":"https:\/\/immo.lecourrier.es\/index.php\/wp-json\/wp\/v2\/media?parent=70944"}],"wp:term":[{"taxonomy":"category","embeddable":true,"href":"https:\/\/immo.lecourrier.es\/index.php\/wp-json\/wp\/v2\/categories?post=70944"},{"taxonomy":"post_tag","embeddable":true,"href":"https:\/\/immo.lecourrier.es\/index.php\/wp-json\/wp\/v2\/tags?post=70944"}],"curies":[{"name":"wp","href":"https:\/\/api.w.org\/{rel}","templated":true}]}}