{"id":70930,"date":"2026-03-09T15:13:08","date_gmt":"2026-03-09T15:13:08","guid":{"rendered":"https:\/\/immo.lecourrier.es\/index.php\/2026\/03\/09\/cet-hotel-de-charme-au-coeur-de-la-sierra-nevada-grenade-a-vendre-pour-43-millions-2\/"},"modified":"2026-05-02T17:35:21","modified_gmt":"2026-05-02T17:35:21","slug":"cet-hotel-de-charme-au-coeur-de-la-sierra-nevada-grenade-a-vendre-pour-43-millions-2","status":"publish","type":"post","link":"https:\/\/immo.lecourrier.es\/index.php\/2026\/03\/09\/cet-hotel-de-charme-au-coeur-de-la-sierra-nevada-grenade-a-vendre-pour-43-millions-2\/","title":{"rendered":"Cet h\u00f4tel de charme au c\u0153ur de la Sierra Nevada (Grenade), \u00e0 \u200b\u200bvendre pour 4,3 millions"},"content":{"rendered":"<p><span dir=\"auto\" style=\"vertical-align: inherit\"><span dir=\"auto\" style=\"vertical-align: inherit\"><\/p>\n<h4 class=\"long\"><strong>Au c\u0153ur de l&#8217;Alpujarra de Grenade se trouve ce complexe de luxe avec 53 appartements individuels de style champ\u00eatre. Le complexe, \u00e0 1700 m\u00e8tres d&#8217;altitude sur le versant du ravin de Trev\u00e9lez, et avec vue sur les sommets de la Sierra Nevada, est actuellement en vente chez idealista pour 4,3 millions d&#8217;euros. (Idealista)<\/strong><\/h4>\n<p>15\/09\/21<\/p>\n<p><span class=\"times-dropcap\">L<\/span>&#8216;\u00e9tablissement a \u00e9t\u00e9 construit en 1995 et r\u00e9nov\u00e9 pour la derni\u00e8re fois entre 2018 et 2019, en pr\u00e9servant le type de construction rustique et typique de la r\u00e9gion, mais en s&#8217;adaptant aux temps nouveaux. L&#8217;ext\u00e9rieur, entour\u00e9 d&#8217;un environnement naturel, refl\u00e8te l&#8217;architecture caract\u00e9ristique des villages de maisons blanches de l&#8217;Alpujarra. Les toits plats typiques avec laune, les sols en terre cuite et les poutres apparentes sont indispensables pour compl\u00e9ter l&#8217;ensemble.<\/p>\n<p>Chacun des 53 appartements, r\u00e9partis sur quatre \u00e9tages, dispose de sa propre salle de bain, d&#8217;une chemin\u00e9e et d&#8217;un balcon priv\u00e9 avec vue panoramique sur le parc national. De plus, le complexe se compose d&#8217;un espace \u00ab\u00a0spa\u00a0\u00bb, d&#8217;une piscine d&#8217;eau sal\u00e9e int\u00e9rieure et ext\u00e9rieure, d&#8217;une salle de sport, d&#8217;un court de squash, d&#8217;une aire de jeux pour enfants, d&#8217;un bar pouvant accueillir jusqu&#8217;\u00e0 70 personnes, d&#8217;un restaurant avec une salle \u00e0 manger d&#8217;environ 190\u00a0personnes. personnes et une grande salle de f\u00eates pour 200 personnes. Il dispose \u00e9galement d&#8217;un hall d&#8217;entr\u00e9e avec ascenseur pour acc\u00e9der aux \u00e9tages sup\u00e9rieurs et d&#8217;un grand parking priv\u00e9.<\/p>\n<p><img decoding=\"async\" src=\"https:\/\/immo.lecourrier.es\/wp-content\/uploads\/2026\/03\/hotel_03.jpg\"><\/p>\n<p><img decoding=\"async\" src=\"https:\/\/immo.lecourrier.es\/wp-content\/uploads\/2026\/03\/hotel_11.jpg\"><\/p>\n<p><img decoding=\"async\" src=\"https:\/\/immo.lecourrier.es\/wp-content\/uploads\/2026\/03\/hotel_04.jpg\"><\/p>\n<p><img decoding=\"async\" src=\"https:\/\/immo.lecourrier.es\/wp-content\/uploads\/2026\/03\/hotel_05.jpg\"><\/p>\n<p><img decoding=\"async\" src=\"https:\/\/immo.lecourrier.es\/wp-content\/uploads\/2026\/03\/hotel_06.jpg\"><\/p>\n<p><img decoding=\"async\" src=\"https:\/\/immo.lecourrier.es\/wp-content\/uploads\/2026\/03\/hotel_02.jpg\"><\/p>\n<p><img decoding=\"async\" src=\"https:\/\/immo.lecourrier.es\/wp-content\/uploads\/2026\/03\/hotel_07.jpg\"><\/p>\n<p><img decoding=\"async\" src=\"https:\/\/immo.lecourrier.es\/wp-content\/uploads\/2026\/03\/hotel_08.jpg\"><\/p>\n<p><img decoding=\"async\" src=\"https:\/\/immo.lecourrier.es\/wp-content\/uploads\/2026\/03\/hotel_10.jpg\"><\/p>\n<p>Source : <a href=\"https:\/\/www.idealista.com\/news\/vacacional\/hoteles-con-encanto\/2021\/09\/15\/792334-este-hotel-con-encanto-en-el-corazon-de-sierra-nevada-granada-en-venta-por\">Idealista\u00a0<\/a><\/p>\n<p>&nbsp;<\/span><\/span><\/p>\n","protected":false},"excerpt":{"rendered":"<p>Au c\u0153ur de l&#8217;Alpujarra de Grenade se trouve ce complexe de luxe avec 53 appartements individuels de style champ\u00eatre. Le complexe, \u00e0 1700 m\u00e8tres d&#8217;altitude sur le versant du ravin de Trev\u00e9lez, et avec vue sur les sommets de la Sierra Nevada, est actuellement en vente chez idealista pour 4,3 millions d&#8217;euros. (Idealista) 15\/09\/21 L&#8216;\u00e9tablissement [&hellip;]<\/p>\n","protected":false},"author":13,"featured_media":31644,"comment_status":"open","ping_status":"closed","sticky":false,"template":"","format":"standard","meta":{"om_disable_all_campaigns":false,"_monsterinsights_skip_tracking":false,"_monsterinsights_sitenote_active":false,"_monsterinsights_sitenote_note":"","_monsterinsights_sitenote_category":0,"_uf_show_specific_survey":0,"_uf_disable_surveys":false,"footnotes":""},"categories":[212],"tags":[],"class_list":["post-70930","post","type-post","status-publish","format-standard","has-post-thumbnail","hentry","category-breaking-news"],"acf":[],"_links":{"self":[{"href":"https:\/\/immo.lecourrier.es\/index.php\/wp-json\/wp\/v2\/posts\/70930","targetHints":{"allow":["GET"]}}],"collection":[{"href":"https:\/\/immo.lecourrier.es\/index.php\/wp-json\/wp\/v2\/posts"}],"about":[{"href":"https:\/\/immo.lecourrier.es\/index.php\/wp-json\/wp\/v2\/types\/post"}],"author":[{"embeddable":true,"href":"https:\/\/immo.lecourrier.es\/index.php\/wp-json\/wp\/v2\/users\/13"}],"replies":[{"embeddable":true,"href":"https:\/\/immo.lecourrier.es\/index.php\/wp-json\/wp\/v2\/comments?post=70930"}],"version-history":[{"count":0,"href":"https:\/\/immo.lecourrier.es\/index.php\/wp-json\/wp\/v2\/posts\/70930\/revisions"}],"wp:featuredmedia":[{"embeddable":true,"href":"https:\/\/immo.lecourrier.es\/index.php\/wp-json\/wp\/v2\/media\/31644"}],"wp:attachment":[{"href":"https:\/\/immo.lecourrier.es\/index.php\/wp-json\/wp\/v2\/media?parent=70930"}],"wp:term":[{"taxonomy":"category","embeddable":true,"href":"https:\/\/immo.lecourrier.es\/index.php\/wp-json\/wp\/v2\/categories?post=70930"},{"taxonomy":"post_tag","embeddable":true,"href":"https:\/\/immo.lecourrier.es\/index.php\/wp-json\/wp\/v2\/tags?post=70930"}],"curies":[{"name":"wp","href":"https:\/\/api.w.org\/{rel}","templated":true}]}}