{"id":70887,"date":"2026-03-09T14:41:48","date_gmt":"2026-03-09T14:41:48","guid":{"rendered":"https:\/\/immo.lecourrier.es\/index.php\/2026\/03\/09\/escriva-preconise-de-decourager-la-retraite-anticipee-et-de-recompenser-ceux-qui-travaillent-jusqua-75-ans-2\/"},"modified":"2026-04-25T21:48:28","modified_gmt":"2026-04-25T21:48:28","slug":"escriva-preconise-de-decourager-la-retraite-anticipee-et-de-recompenser-ceux-qui-travaillent-jusqua-75-ans-2","status":"publish","type":"post","link":"https:\/\/immo.lecourrier.es\/index.php\/2026\/03\/09\/escriva-preconise-de-decourager-la-retraite-anticipee-et-de-recompenser-ceux-qui-travaillent-jusqua-75-ans-2\/","title":{"rendered":"Escriv\u00e1 pr\u00e9conise de d\u00e9courager la retraite anticip\u00e9e et de r\u00e9compenser ceux qui travaillent jusqu&#8217;\u00e0 75 ans"},"content":{"rendered":"<p><span dir=\"auto\" style=\"vertical-align: inherit\"><span dir=\"auto\" style=\"vertical-align: inherit\"><\/p>\n<h4 class=\"long\"><strong>Le ministre de l&#8217;Inclusion, de la S\u00e9curit\u00e9 sociale et des Migrations, Jos\u00e9 Lu\u00eds Escriv\u00e1, consid\u00e8re qu&#8217;un changement culturel est n\u00e9cessaire en Espagne&#8221; pour suivre la tendance europ\u00e9enne de travailler de plus en plus entre 55 et 70 ou 75 ans. (Idealista)<\/strong><\/h4>\n<p>27\/09\/21<\/p>\n<p class=\"\">Dans une interview au journal &#8216;Ara&#8217; recueillie ce dimanche par Europa Press, il a assur\u00e9 : &#8220;A ces \u00e2ges, pour des raisons d\u00e9mographiques et de qualit\u00e9 de vie, on peut travailler plus. Et l&#8217;Espagne est une anomalie europ\u00e9enne : non seulement on ne suit pas cette tendance, nous r\u00e9duisons plut\u00f4t la proportion de personnes de plus de 55 ans qui sont actives. \u00bb<\/p>\n<p>Lorsqu&#8217;on lui a demand\u00e9 si le syst\u00e8me de retraite \u00e9tait viable, il a r\u00e9pondu oui et a assur\u00e9 que rapprocher l&#8217;\u00e2ge effectif de la retraite de l&#8217;\u00e2ge l\u00e9gal est &#8220;le m\u00e9canisme le plus puissant&#8221; pour sa viabilit\u00e9, l&#8217;objectif du gouvernement est donc de rendre plus efficaces les mesures dissuasives pour la retraite anticip\u00e9e.<\/p>\n<p>Il a assur\u00e9 que l&#8217;ex\u00e9cutif central avait le d\u00e9fi de r\u00e9duire le d\u00e9ficit public structurel et a fait valoir qu&#8217;en Espagne, de nouveaux imp\u00f4ts ne sont pas n\u00e9cessaires, mais plut\u00f4t \u00ab\u00a0\u00e9valuent\u00a0\u00bb les exon\u00e9rations fiscales et les avantages pour voir s&#8217;ils remplissent leur fonction.<\/p>\n<p>Il a affirm\u00e9 que l&#8217;emploi des jeunes ne remplace pas le m\u00e9tier des seniors et a pr\u00f4n\u00e9 \u00ab la cr\u00e9ation de dynamiques au sein des entreprises pour que les personnes d&#8217;un certain \u00e2ge changent d&#8217;activit\u00e9, d&#8217;horaires de travail, d&#8217;engagement\u2026 \u00bb.<\/p>\n<h6><strong>Migration, formation et travail ind\u00e9pendant<\/strong><\/h6>\n<p>Pour Escriv\u00e1, il faut promouvoir des m\u00e9canismes de migration r\u00e9guli\u00e8re et ordonn\u00e9e, selon ses mots, qui r\u00e9pondent aux besoins du march\u00e9 du travail, et il a regrett\u00e9 que le mod\u00e8le actuel g\u00e9n\u00e8re &#8220;des poches d&#8217;immigration irr\u00e9guli\u00e8re qui sont tr\u00e8s \u00e9tendues dans le temps&#8221;.<\/p>\n<p>Il a opt\u00e9 pour la formation des travailleurs concern\u00e9s par les Dossiers de r\u00e9gulation du travail temporaire (ERTE) et a fait valoir que &#8220;s&#8217;il manque quelque chose en Espagne, ce sont les dispositifs de formation en alternance et au sein des entreprises&#8221;.<\/p>\n<p>Il a d\u00e9clar\u00e9 que la plupart des ind\u00e9pendants qui \u00e9taient &#8220;prot\u00e9g\u00e9s&#8221; par la gr\u00e8ve extraordinaire b\u00e9n\u00e9ficieront d\u00e9sormais d&#8217;aides sous forme d&#8217;exon\u00e9rations afin qu&#8217;ils puissent maintenir leur activit\u00e9 et, d&#8217;autre part, il a pr\u00f4n\u00e9 la criminalisation de l&#8217;abus de contrats de tr\u00e8s courte dur\u00e9e.<\/p>\n<h6><strong>Revenu vital minimum<\/strong><\/h6>\n<p>Il a d\u00e9clar\u00e9 que le gouvernement avait accord\u00e9 350.000 demandes de revenu vital minimum (IMV) &#8211; dont 28.000 en Catalogne &#8211; mais a regrett\u00e9 que de nombreuses personnes que le gouvernement avait identifi\u00e9es comme b\u00e9n\u00e9ficiaires potentiels n&#8217;aient pas demand\u00e9 l&#8217;aide, ils con\u00e7oivent donc une enqu\u00eate pour les cibler.<\/p>\n<p>Il a \u00e9galement assur\u00e9 que de nombreuses demandes ont \u00e9t\u00e9 rejet\u00e9es, car \u00ab il y a une grande distance entre la perception que l&#8217;on a de sa pauvret\u00e9 et de sa situation de vuln\u00e9rabilit\u00e9 et la r\u00e9alit\u00e9 \u00bb, et a d\u00e9fendu que la majorit\u00e9 des b\u00e9n\u00e9ficiaires des aides r\u00e9gionales revenu ont demand\u00e9 \u00e0 l&#8217;IMV.<\/p>\n<p>Il a ajout\u00e9, en ce qui concerne la gestion de la crise du coronavirus, que dans aucun autre pays d&#8217;Europe, il n&#8217;y a eu d&#8217;exemptions pour les travailleurs actifs.<\/p>\n<p><em>Source : <a href=\"https:\/\/www.idealista.com\/news\/2021\/09\/27\/792527-escriva-cree-que-hace-falta-un-cambio-cultural-para-trabajar-mas-entre-los-55-y-los-75-anos\">Idealista<\/a><\/em><\/p>\n<p><em>Source photo : <a href=\"https:\/\/www.europapress.es\">Europa Press<\/a><\/em><\/span><\/span><\/p>\n","protected":false},"excerpt":{"rendered":"<p>Le ministre de l&#8217;Inclusion, de la S\u00e9curit\u00e9 sociale et des Migrations, Jos\u00e9 Lu\u00eds Escriv\u00e1, consid\u00e8re qu&#8217;un changement culturel est n\u00e9cessaire en Espagne&#8221; pour suivre la tendance europ\u00e9enne de travailler de plus en plus entre 55 et 70 ou 75 ans. (Idealista) 27\/09\/21 Dans une interview au journal &#8216;Ara&#8217; recueillie ce dimanche par Europa Press, il [&hellip;]<\/p>\n","protected":false},"author":13,"featured_media":31576,"comment_status":"open","ping_status":"closed","sticky":false,"template":"","format":"standard","meta":{"om_disable_all_campaigns":false,"_monsterinsights_skip_tracking":false,"_monsterinsights_sitenote_active":false,"_monsterinsights_sitenote_note":"","_monsterinsights_sitenote_category":0,"_uf_show_specific_survey":0,"_uf_disable_surveys":false,"footnotes":""},"categories":[212],"tags":[],"class_list":["post-70887","post","type-post","status-publish","format-standard","has-post-thumbnail","hentry","category-breaking-news"],"acf":[],"_links":{"self":[{"href":"https:\/\/immo.lecourrier.es\/index.php\/wp-json\/wp\/v2\/posts\/70887","targetHints":{"allow":["GET"]}}],"collection":[{"href":"https:\/\/immo.lecourrier.es\/index.php\/wp-json\/wp\/v2\/posts"}],"about":[{"href":"https:\/\/immo.lecourrier.es\/index.php\/wp-json\/wp\/v2\/types\/post"}],"author":[{"embeddable":true,"href":"https:\/\/immo.lecourrier.es\/index.php\/wp-json\/wp\/v2\/users\/13"}],"replies":[{"embeddable":true,"href":"https:\/\/immo.lecourrier.es\/index.php\/wp-json\/wp\/v2\/comments?post=70887"}],"version-history":[{"count":0,"href":"https:\/\/immo.lecourrier.es\/index.php\/wp-json\/wp\/v2\/posts\/70887\/revisions"}],"wp:featuredmedia":[{"embeddable":true,"href":"https:\/\/immo.lecourrier.es\/index.php\/wp-json\/wp\/v2\/media\/31576"}],"wp:attachment":[{"href":"https:\/\/immo.lecourrier.es\/index.php\/wp-json\/wp\/v2\/media?parent=70887"}],"wp:term":[{"taxonomy":"category","embeddable":true,"href":"https:\/\/immo.lecourrier.es\/index.php\/wp-json\/wp\/v2\/categories?post=70887"},{"taxonomy":"post_tag","embeddable":true,"href":"https:\/\/immo.lecourrier.es\/index.php\/wp-json\/wp\/v2\/tags?post=70887"}],"curies":[{"name":"wp","href":"https:\/\/api.w.org\/{rel}","templated":true}]}}