{"id":70851,"date":"2026-03-09T14:26:49","date_gmt":"2026-03-09T14:26:49","guid":{"rendered":"https:\/\/immo.lecourrier.es\/index.php\/2026\/03\/09\/prix-et-rentabilite-du-m2-dans-les-5-grandes-capitales-2\/"},"modified":"2026-05-02T16:50:47","modified_gmt":"2026-05-02T16:50:47","slug":"prix-et-rentabilite-du-m2-dans-les-5-grandes-capitales-2","status":"publish","type":"post","link":"https:\/\/immo.lecourrier.es\/index.php\/2026\/03\/09\/prix-et-rentabilite-du-m2-dans-les-5-grandes-capitales-2\/","title":{"rendered":"Prix et rentabilit\u00e9 du m2 dans les 5 grandes capitales"},"content":{"rendered":"<p><span dir=\"auto\" style=\"vertical-align: inherit\"><span dir=\"auto\" style=\"vertical-align: inherit\"><\/p>\n<h4><strong>Quartiers des cinq plus grandes capitales<\/strong><\/h4>\n<p><span class=\"times-dropcap\">A<\/span> Barcelone, les quartiers enregistrent g\u00e9n\u00e9ralement une croissance mod\u00e9r\u00e9e d&#8217;une ann\u00e9e sur l&#8217;autre, montrant encore un certain recul dans les quartiers les plus touch\u00e9s au cours des trimestres pr\u00e9c\u00e9dents. Les variations dans les quartiers de Madrid sont dans une fourchette similaire, il y a d\u00e9j\u00e0 des augmentations annuelles g\u00e9n\u00e9ralis\u00e9es et il n&#8217;y a pas de diminutions significatives m\u00eame dans les localit\u00e9s p\u00e9riph\u00e9riques. A Valence, S\u00e9ville et Saragosse pr\u00e9sentent des variations proches de deux chiffres en pourcentage, ainsi que des variations de l&#8217;environnement de stabilisation, donnant lieu \u00e0 des ajustements d&#8217;intensit\u00e9 variable du taux interannuel.Les quartiers les plus chers, situ\u00e9s \u00e0 Madrid et Barcelone et avec des chiffres sup\u00e9rieurs \u00e0 4.000 \u20ac \/ m2, sont Salamanque, Chamber\u00ed, Chamart\u00edn, Centro et Retiro (Madrid), et Sarri\u00e0-Sant Gervasi, Les Corts et Eixample (Barcelone).<\/p>\n<p><img decoding=\"async\" src=\"https:\/\/immo.lecourrier.es\/wp-content\/uploads\/2026\/03\/Capture-decran-2021-09-29-a-16.36.56.jpg\"><\/p>\n<p><img decoding=\"async\" src=\"https:\/\/immo.lecourrier.es\/wp-content\/uploads\/2026\/03\/Capture-decran-2021-09-29-a-16.40.41-820x1024-1.jpg\"><\/p>\n<p><img decoding=\"async\" src=\"https:\/\/immo.lecourrier.es\/wp-content\/uploads\/2026\/03\/Capture-decran-2021-09-29-a-16.38.13-828x1024-1.png\"><\/p>\n<p><img decoding=\"async\" src=\"https:\/\/immo.lecourrier.es\/wp-content\/uploads\/2026\/03\/Capture-decran-2021-09-29-a-16.38.24-830x1024-1.jpg\"><\/p>\n<p><img decoding=\"async\" src=\"https:\/\/immo.lecourrier.es\/wp-content\/uploads\/2026\/03\/Capture-decran-2021-09-29-a-16.38.57-824x1024-1.jpg\"><\/p>\n<p>Retrouvez l&#8217;int\u00e9gralit\u00e9 de l&#8217;\u00e9tude en cliquant <a href=\"https:\/\/issuu.com\/lecourrierdespagne\/docs\/guide_de_l_immobilier_dition_2021-2022_\">ici<\/a><\/p>\n<p>LCE<\/p>\n<p><em>Source : Tinsa<\/em><\/p>\n<p><em>Source photo : Enrico Perini, Pexels<\/em><\/span><\/span><\/p>\n","protected":false},"excerpt":{"rendered":"<p>Quartiers des cinq plus grandes capitales A Barcelone, les quartiers enregistrent g\u00e9n\u00e9ralement une croissance mod\u00e9r\u00e9e d&#8217;une ann\u00e9e sur l&#8217;autre, montrant encore un certain recul dans les quartiers les plus touch\u00e9s au cours des trimestres pr\u00e9c\u00e9dents. Les variations dans les quartiers de Madrid sont dans une fourchette similaire, il y a d\u00e9j\u00e0 des augmentations annuelles g\u00e9n\u00e9ralis\u00e9es [&hellip;]<\/p>\n","protected":false},"author":13,"featured_media":31545,"comment_status":"open","ping_status":"closed","sticky":false,"template":"","format":"standard","meta":{"om_disable_all_campaigns":false,"_monsterinsights_skip_tracking":false,"_monsterinsights_sitenote_active":false,"_monsterinsights_sitenote_note":"","_monsterinsights_sitenote_category":0,"_uf_show_specific_survey":0,"_uf_disable_surveys":false,"footnotes":""},"categories":[212,233],"tags":[],"class_list":["post-70851","post","type-post","status-publish","format-standard","has-post-thumbnail","hentry","category-breaking-news","category-etudes"],"acf":[],"_links":{"self":[{"href":"https:\/\/immo.lecourrier.es\/index.php\/wp-json\/wp\/v2\/posts\/70851","targetHints":{"allow":["GET"]}}],"collection":[{"href":"https:\/\/immo.lecourrier.es\/index.php\/wp-json\/wp\/v2\/posts"}],"about":[{"href":"https:\/\/immo.lecourrier.es\/index.php\/wp-json\/wp\/v2\/types\/post"}],"author":[{"embeddable":true,"href":"https:\/\/immo.lecourrier.es\/index.php\/wp-json\/wp\/v2\/users\/13"}],"replies":[{"embeddable":true,"href":"https:\/\/immo.lecourrier.es\/index.php\/wp-json\/wp\/v2\/comments?post=70851"}],"version-history":[{"count":0,"href":"https:\/\/immo.lecourrier.es\/index.php\/wp-json\/wp\/v2\/posts\/70851\/revisions"}],"wp:featuredmedia":[{"embeddable":true,"href":"https:\/\/immo.lecourrier.es\/index.php\/wp-json\/wp\/v2\/media\/31545"}],"wp:attachment":[{"href":"https:\/\/immo.lecourrier.es\/index.php\/wp-json\/wp\/v2\/media?parent=70851"}],"wp:term":[{"taxonomy":"category","embeddable":true,"href":"https:\/\/immo.lecourrier.es\/index.php\/wp-json\/wp\/v2\/categories?post=70851"},{"taxonomy":"post_tag","embeddable":true,"href":"https:\/\/immo.lecourrier.es\/index.php\/wp-json\/wp\/v2\/tags?post=70851"}],"curies":[{"name":"wp","href":"https:\/\/api.w.org\/{rel}","templated":true}]}}