{"id":70782,"date":"2026-03-09T14:06:44","date_gmt":"2026-03-09T14:06:44","guid":{"rendered":"https:\/\/immo.lecourrier.es\/index.php\/2026\/03\/09\/clinica-cemtro-ouvrira-la-premiere-clinique-dans-un-centre-commercial-a-madrid-2\/"},"modified":"2026-05-02T16:30:16","modified_gmt":"2026-05-02T16:30:16","slug":"clinica-cemtro-ouvrira-la-premiere-clinique-dans-un-centre-commercial-a-madrid-2","status":"publish","type":"post","link":"https:\/\/immo.lecourrier.es\/index.php\/2026\/03\/09\/clinica-cemtro-ouvrira-la-premiere-clinique-dans-un-centre-commercial-a-madrid-2\/","title":{"rendered":"Cl\u00ednica Cemtro ouvrira la premi\u00e8re clinique dans un centre commercial \u00e0 Madrid"},"content":{"rendered":"<p><span dir=\"auto\" style=\"vertical-align: inherit\"><span dir=\"auto\" style=\"vertical-align: inherit\"><\/p>\n<h4 class=\"long\"><strong>La prestigieuse clinique m\u00e9dicale ouvrira un centre de sant\u00e9 dans le futur centre commercial Mirasierra Gallery \u00e0 Ten Brinke, \u00e0 Madrid. (Brainsre.news)<\/strong><\/h4>\n<p>13\/10\/21<\/p>\n<p><strong>Commerce de d\u00e9tail et sant\u00e9.<\/strong> C&#8217;est la proposition innovante que Ten Brinke pr\u00e9sentera dans son nouveau centre commercial Mirasierra Gallery, situ\u00e9 au nord de Madrid.<\/p>\n<p>La soci\u00e9t\u00e9 immobili\u00e8re n\u00e9erlandaise a conclu un accord avec plusieurs soci\u00e9t\u00e9s li\u00e9es au secteur de la sant\u00e9 pour les int\u00e9grer dans son projet commercial, dont l&#8217;ouverture est pr\u00e9vue en novembre prochain.<\/p>\n<p>Le dernier ajout a \u00e9t\u00e9 la Cemtro Clinic, un centre m\u00e9dical priv\u00e9 \u00e0 Madrid connu pour ses hautes qualifications dans des sp\u00e9cialit\u00e9s telles que la traumatologie.<\/p>\n<p>\u00ab Ten Brinke franchit une nouvelle \u00e9tape dans sa croissance au sein de la p\u00e9ninsule ib\u00e9rique avec l&#8217;accord conclu avec Cl\u00ednica Cemtro pour inclure l&#8217;une de ses cliniques dans l&#8217;espace commercial Mirasierra Gallery, \u00e0 Madrid, et ainsi unir, pour la premi\u00e8re fois en Espagne, le les \u00e9quipements sanitaires priv\u00e9s et le commerce de d\u00e9tail \u00bb, indiquent-ils aupr\u00e8s du promoteur.<\/p>\n<p>&#8220;Dans le cadre de l&#8217;accord conclu, Cl\u00ednica Cemtro lancera un nouveau syst\u00e8me pour \u00e9viter d&#8217;attendre ses patients, s&#8217;adaptant ainsi \u00e0 la nouvelle situation (Covid), afin qu&#8217;ils puissent profiter du centre et de sa large gamme, jusqu&#8217;\u00e0 ce qu&#8217;ils soient pris en charge&#8221;, ont-ils d\u00e9clar\u00e9. ajouter.<\/p>\n<p>La galerie Mirasierra disposera \u00e9galement d&#8217;un centre v\u00e9t\u00e9rinaire et d&#8217;une pharmacie, qui viendront compl\u00e9ter l&#8217;offre de sant\u00e9 dans la zone commerciale traditionnelle o\u00f9 seront situ\u00e9s deux supermarch\u00e9s Aldi et Ahorram\u00e1s, la cha\u00eene de gym Altafit, ainsi que le groupe de restaurants LaLaLa, entre autres.<\/p>\n<p>&#8220;Avec cet accord, Ten Brinke se positionne comme un d\u00e9veloppeur innovant, capable de s&#8217;adapter aux nouvelles demandes du march\u00e9, offrant aux grands investisseurs des produits tr\u00e8s rentables, toujours de pair avec des op\u00e9rateurs de premier plan&#8221;, ajoutent-ils.<\/p>\n<p>Le dernier projet de Ten Brinke en Espagne aura 9.500 m\u00e8tres carr\u00e9s d&#8217;espace commercial, qui devrait recevoir 1,5 million de visites par an. &#8220;La galerie Mirasierra va \u00eatre un v\u00e9ritable coup de pouce au nord de la ville de Madrid&#8221;, d\u00e9clare le promoteur.<\/p>\n<p><em>Source : <a href=\"https:\/\/brainsre.news\/clinica-cemtro-pacta-con-ten-brinke-abrir-la-primera-clinica-en-un-centro-comercial-en-madrid\/\">Brainsre.news<\/a><\/em><\/span><\/span><\/p>\n","protected":false},"excerpt":{"rendered":"<p>La prestigieuse clinique m\u00e9dicale ouvrira un centre de sant\u00e9 dans le futur centre commercial Mirasierra Gallery \u00e0 Ten Brinke, \u00e0 Madrid. (Brainsre.news) 13\/10\/21 Commerce de d\u00e9tail et sant\u00e9. C&#8217;est la proposition innovante que Ten Brinke pr\u00e9sentera dans son nouveau centre commercial Mirasierra Gallery, situ\u00e9 au nord de Madrid. La soci\u00e9t\u00e9 immobili\u00e8re n\u00e9erlandaise a conclu un [&hellip;]<\/p>\n","protected":false},"author":13,"featured_media":70783,"comment_status":"open","ping_status":"closed","sticky":false,"template":"","format":"standard","meta":{"om_disable_all_campaigns":false,"_monsterinsights_skip_tracking":false,"_monsterinsights_sitenote_active":false,"_monsterinsights_sitenote_note":"","_monsterinsights_sitenote_category":0,"_uf_show_specific_survey":0,"_uf_disable_surveys":false,"footnotes":""},"categories":[212],"tags":[],"class_list":["post-70782","post","type-post","status-publish","format-standard","has-post-thumbnail","hentry","category-breaking-news"],"acf":[],"_links":{"self":[{"href":"https:\/\/immo.lecourrier.es\/index.php\/wp-json\/wp\/v2\/posts\/70782","targetHints":{"allow":["GET"]}}],"collection":[{"href":"https:\/\/immo.lecourrier.es\/index.php\/wp-json\/wp\/v2\/posts"}],"about":[{"href":"https:\/\/immo.lecourrier.es\/index.php\/wp-json\/wp\/v2\/types\/post"}],"author":[{"embeddable":true,"href":"https:\/\/immo.lecourrier.es\/index.php\/wp-json\/wp\/v2\/users\/13"}],"replies":[{"embeddable":true,"href":"https:\/\/immo.lecourrier.es\/index.php\/wp-json\/wp\/v2\/comments?post=70782"}],"version-history":[{"count":0,"href":"https:\/\/immo.lecourrier.es\/index.php\/wp-json\/wp\/v2\/posts\/70782\/revisions"}],"wp:featuredmedia":[{"embeddable":true,"href":"https:\/\/immo.lecourrier.es\/index.php\/wp-json\/wp\/v2\/media\/70783"}],"wp:attachment":[{"href":"https:\/\/immo.lecourrier.es\/index.php\/wp-json\/wp\/v2\/media?parent=70782"}],"wp:term":[{"taxonomy":"category","embeddable":true,"href":"https:\/\/immo.lecourrier.es\/index.php\/wp-json\/wp\/v2\/categories?post=70782"},{"taxonomy":"post_tag","embeddable":true,"href":"https:\/\/immo.lecourrier.es\/index.php\/wp-json\/wp\/v2\/tags?post=70782"}],"curies":[{"name":"wp","href":"https:\/\/api.w.org\/{rel}","templated":true}]}}