{"id":70780,"date":"2026-03-09T14:03:18","date_gmt":"2026-03-09T14:03:18","guid":{"rendered":"https:\/\/immo.lecourrier.es\/index.php\/2026\/03\/09\/minorque-augmentera-sa-connectivite-avec-le-marche-francais-en-2022-2\/"},"modified":"2026-04-25T21:11:55","modified_gmt":"2026-04-25T21:11:55","slug":"minorque-augmentera-sa-connectivite-avec-le-marche-francais-en-2022-2","status":"publish","type":"post","link":"https:\/\/immo.lecourrier.es\/index.php\/2026\/03\/09\/minorque-augmentera-sa-connectivite-avec-le-marche-francais-en-2022-2\/","title":{"rendered":"Minorque augmentera sa connectivit\u00e9 avec le march\u00e9 fran\u00e7ais en 2022"},"content":{"rendered":"<p><span dir=\"auto\" style=\"vertical-align: inherit\"><span dir=\"auto\" style=\"vertical-align: inherit\"><\/p>\n<h4 class=\"long\"><strong>L&#8217;\u00eele de Minorque conna\u00eetra la prochaine saison touristique avec davantage de liaisons a\u00e9riennes avec la France, comme l&#8217;a assur\u00e9 ce mardi la Fundaci\u00f3 Foment del Turisme de Menorca (FFTM), qui a confirm\u00e9 le grand int\u00e9r\u00eat du march\u00e9 fran\u00e7ais pour cette destination lors du Top IFTM. Salon Resa de Paris, o\u00f9 il a tenu une trentaine de rendez-vous avec des agents du secteur du tourisme qui ont v\u00e9hicul\u00e9 de bonnes perspectives et une \u00ab augmentation probable de la connectivit\u00e9 a\u00e9rienne France-Minorque \u00bb. (Hosteltur)<\/strong><\/h4>\n<p>13\/10\/21<\/p>\n<p><span class=\"times-dropcap\">L<\/span>&#8216;a\u00e9roport de Montpellier a confirm\u00e9 qu&#8217;il prenait des dispositions avec diff\u00e9rentes compagnies a\u00e9riennes pour ouvrir une nouvelle route avec l&#8217;\u00eele en 2022, qui s&#8217;ajouterait aux vols directs avec Paris, Nantes, Marseille, Bordeaux et Toulouse.<\/p>\n<p>Lors du salon, Minorque est pr\u00e9sent\u00e9e au march\u00e9 fran\u00e7ais comme une opportunit\u00e9 d&#8217;accueillir des groupes de loisirs, d&#8217;affaires et professionnels.<br \/>\nLa t\u00e9l\u00e9vision publique fran\u00e7aise se rendra sur l&#8217;\u00eele pour tourner un reportage et le voyagiste NG Travel a annonc\u00e9 l&#8217;ouverture en 2022 d&#8217;un &#8220;Kappa Club&#8221; \u00e0 Arenal den Castell (Es Mercadal), un projet touristique qui propose de d\u00e9couvrir la culture de la pays et la population locale, \u00e0 travers des activit\u00e9s telles que des visites d&#8217;\u00e9coles, des ateliers d&#8217;artisanat ou des repas chez l&#8217;habitant.<\/p>\n<p><em>Source : <a href=\"https:\/\/www.hosteltur.com\/147226_menorca-aumentara-su-conectividad-con-el-mercado-frances-en-2022.html\">Hosteltur\u00a0<\/a><\/em><\/p>\n<p><em>Source photo : <a href=\"https:\/\/pxhere.com\/es\/photo\/820189\">PxHere<\/a><\/em><\/span><\/span><\/p>\n","protected":false},"excerpt":{"rendered":"<p>L&#8217;\u00eele de Minorque conna\u00eetra la prochaine saison touristique avec davantage de liaisons a\u00e9riennes avec la France, comme l&#8217;a assur\u00e9 ce mardi la Fundaci\u00f3 Foment del Turisme de Menorca (FFTM), qui a confirm\u00e9 le grand int\u00e9r\u00eat du march\u00e9 fran\u00e7ais pour cette destination lors du Top IFTM. Salon Resa de Paris, o\u00f9 il a tenu une trentaine [&hellip;]<\/p>\n","protected":false},"author":13,"featured_media":31502,"comment_status":"open","ping_status":"closed","sticky":false,"template":"","format":"standard","meta":{"om_disable_all_campaigns":false,"_monsterinsights_skip_tracking":false,"_monsterinsights_sitenote_active":false,"_monsterinsights_sitenote_note":"","_monsterinsights_sitenote_category":0,"_uf_show_specific_survey":0,"_uf_disable_surveys":false,"footnotes":""},"categories":[212,234],"tags":[],"class_list":["post-70780","post","type-post","status-publish","format-standard","has-post-thumbnail","hentry","category-breaking-news","category-logistique-retail"],"acf":[],"_links":{"self":[{"href":"https:\/\/immo.lecourrier.es\/index.php\/wp-json\/wp\/v2\/posts\/70780","targetHints":{"allow":["GET"]}}],"collection":[{"href":"https:\/\/immo.lecourrier.es\/index.php\/wp-json\/wp\/v2\/posts"}],"about":[{"href":"https:\/\/immo.lecourrier.es\/index.php\/wp-json\/wp\/v2\/types\/post"}],"author":[{"embeddable":true,"href":"https:\/\/immo.lecourrier.es\/index.php\/wp-json\/wp\/v2\/users\/13"}],"replies":[{"embeddable":true,"href":"https:\/\/immo.lecourrier.es\/index.php\/wp-json\/wp\/v2\/comments?post=70780"}],"version-history":[{"count":0,"href":"https:\/\/immo.lecourrier.es\/index.php\/wp-json\/wp\/v2\/posts\/70780\/revisions"}],"wp:featuredmedia":[{"embeddable":true,"href":"https:\/\/immo.lecourrier.es\/index.php\/wp-json\/wp\/v2\/media\/31502"}],"wp:attachment":[{"href":"https:\/\/immo.lecourrier.es\/index.php\/wp-json\/wp\/v2\/media?parent=70780"}],"wp:term":[{"taxonomy":"category","embeddable":true,"href":"https:\/\/immo.lecourrier.es\/index.php\/wp-json\/wp\/v2\/categories?post=70780"},{"taxonomy":"post_tag","embeddable":true,"href":"https:\/\/immo.lecourrier.es\/index.php\/wp-json\/wp\/v2\/tags?post=70780"}],"curies":[{"name":"wp","href":"https:\/\/api.w.org\/{rel}","templated":true}]}}