{"id":70728,"date":"2026-03-09T13:32:41","date_gmt":"2026-03-09T13:32:41","guid":{"rendered":"https:\/\/immo.lecourrier.es\/index.php\/2026\/03\/09\/pierre-vacances-va-gerer-les-appartements-cala-blanes-a-minorque-2\/"},"modified":"2026-04-25T20:40:33","modified_gmt":"2026-04-25T20:40:33","slug":"pierre-vacances-va-gerer-les-appartements-cala-blanes-a-minorque-2","status":"publish","type":"post","link":"https:\/\/immo.lecourrier.es\/index.php\/2026\/03\/09\/pierre-vacances-va-gerer-les-appartements-cala-blanes-a-minorque-2\/","title":{"rendered":"Pierre &#038; Vacances va g\u00e9rer les appartements Cala Blanes \u00e0 Minorque"},"content":{"rendered":"<p><span dir=\"auto\" style=\"vertical-align: inherit\"><span dir=\"auto\" style=\"vertical-align: inherit\"><\/p>\n<h4 class=\"long\"><strong>La soci\u00e9t\u00e9 d&#8217;appartements et d&#8217;h\u00f4tels Pierre &amp; Vacances a ajout\u00e9 \u00e0 son portefeuille un deuxi\u00e8me \u00e9tablissement \u00e0 Minorque, le complexe d&#8217;appartements Cala Blanes, o\u00f9 elle a r\u00e9alis\u00e9 un investissement de r\u00e9novation \u00e9valu\u00e9 \u00e0 deux millions d&#8217;euros, a indiqu\u00e9 la soci\u00e9t\u00e9 fran\u00e7aise. (Hosteltur)<\/strong><\/h4>\n<p>27\/10\/21<\/p>\n<p>Le complexe susmentionn\u00e9, \u00e0 huit minutes en voiture de Ciutadella, appartient \u00e0 la Mutualidad de Previsi\u00f3n Social del Colegio de Ingenieros de Caminos, Canales y Puertos (Mutualidad Caminos).<br \/>\nL&#8217;investissement de deux millions d&#8217;euros \u00ab servira \u00e0 r\u00e9aliser une r\u00e9forme compl\u00e8te de l&#8217;ensemble des appartements, des parties communes et la proposition de restauration de l&#8217;\u00e9tablissement, pour le repositionner et l&#8217;aligner sur les normes et l&#8217;offre de Pierre &amp; Vacances \u00bb, indique le groupe h\u00f4telier fran\u00e7ais.<br \/>\nL&#8217;\u00e9tablissement, qui pr\u00e9voit d&#8217;ouvrir ses portes en avril 2022, dispose de 80 appartements pouvant accueillir jusqu&#8217;\u00e0 4 personnes, piscine pour adultes et enfants, club enfants, restaurant, parking, bar, sup\u00e9rette, wifi&#8221; et la possibilit\u00e9 de plusieurs nautiques activit\u00e9s et excursions dans les environs. De plus, il accepte les animaux de compagnie et dispose d&#8217;un parc et de zones exclusivement d\u00e9sign\u00e9es &#8220;.<\/p>\n<p><img decoding=\"async\" src=\"https:\/\/immo.lecourrier.es\/wp-content\/uploads\/2024\/04\/L_130448_render-dormitorio-menorca-cala-blanes.jpg\"><\/p>\n<h6><strong>Expansion<\/strong><\/h6>\n<p>Selon Jos\u00e9 Mar\u00eda Pont, pr\u00e9sident ex\u00e9cutif de Pierre &amp; Vacances en Espagne, \u00ab l&#8217;incorporation de ce complexe refl\u00e8te notre engagement \u00e0 poursuivre notre croissance dans les \u00eeles Bal\u00e9ares, et plus pr\u00e9cis\u00e9ment \u00e0 Minorque, o\u00f9 nous avons d\u00e9j\u00e0 l&#8217;\u00e9tablissement Menorca Binibeca dans le sud-est \u00bb.<br \/>\n\u00ab Nous appr\u00e9cions la confiance que nous accorde l&#8217;\u00e9tablissement pour continuer \u00e0 travailler \u00e0 la construction d&#8217;un mod\u00e8le touristique fort et de qualit\u00e9 aux Bal\u00e9ares \u00bb, ajoute Pont.<br \/>\nCe nouvel ajout est la cinqui\u00e8me ouverture que la soci\u00e9t\u00e9 Pierre &amp; Vacances r\u00e9alise depuis le d\u00e9but de la pand\u00e9mie.<br \/>\nEn Espagne, la soci\u00e9t\u00e9 compte d\u00e9j\u00e0, parmi les h\u00f4tels, complexes d&#8217;appartements et resorts, un total de 43 \u00e9tablissements, totalisant plus de 4.500 unit\u00e9s d&#8217;h\u00e9bergement.<\/p>\n<p><em>Source : <a href=\"https:\/\/www.hosteltur.com\/147528_pierre-vacances-gestionara-los-apartamentos-cala-blanes-en-menorca.html\">Hosteltur<\/a><\/em><\/span><\/span><\/p>\n","protected":false},"excerpt":{"rendered":"<p>La soci\u00e9t\u00e9 d&#8217;appartements et d&#8217;h\u00f4tels Pierre &amp; Vacances a ajout\u00e9 \u00e0 son portefeuille un deuxi\u00e8me \u00e9tablissement \u00e0 Minorque, le complexe d&#8217;appartements Cala Blanes, o\u00f9 elle a r\u00e9alis\u00e9 un investissement de r\u00e9novation \u00e9valu\u00e9 \u00e0 deux millions d&#8217;euros, a indiqu\u00e9 la soci\u00e9t\u00e9 fran\u00e7aise. (Hosteltur) 27\/10\/21 Le complexe susmentionn\u00e9, \u00e0 huit minutes en voiture de Ciutadella, appartient \u00e0 [&hellip;]<\/p>\n","protected":false},"author":13,"featured_media":31439,"comment_status":"open","ping_status":"closed","sticky":false,"template":"","format":"standard","meta":{"om_disable_all_campaigns":false,"_monsterinsights_skip_tracking":false,"_monsterinsights_sitenote_active":false,"_monsterinsights_sitenote_note":"","_monsterinsights_sitenote_category":0,"_uf_show_specific_survey":0,"_uf_disable_surveys":false,"footnotes":""},"categories":[212],"tags":[],"class_list":["post-70728","post","type-post","status-publish","format-standard","has-post-thumbnail","hentry","category-breaking-news"],"acf":[],"_links":{"self":[{"href":"https:\/\/immo.lecourrier.es\/index.php\/wp-json\/wp\/v2\/posts\/70728","targetHints":{"allow":["GET"]}}],"collection":[{"href":"https:\/\/immo.lecourrier.es\/index.php\/wp-json\/wp\/v2\/posts"}],"about":[{"href":"https:\/\/immo.lecourrier.es\/index.php\/wp-json\/wp\/v2\/types\/post"}],"author":[{"embeddable":true,"href":"https:\/\/immo.lecourrier.es\/index.php\/wp-json\/wp\/v2\/users\/13"}],"replies":[{"embeddable":true,"href":"https:\/\/immo.lecourrier.es\/index.php\/wp-json\/wp\/v2\/comments?post=70728"}],"version-history":[{"count":0,"href":"https:\/\/immo.lecourrier.es\/index.php\/wp-json\/wp\/v2\/posts\/70728\/revisions"}],"wp:featuredmedia":[{"embeddable":true,"href":"https:\/\/immo.lecourrier.es\/index.php\/wp-json\/wp\/v2\/media\/31439"}],"wp:attachment":[{"href":"https:\/\/immo.lecourrier.es\/index.php\/wp-json\/wp\/v2\/media?parent=70728"}],"wp:term":[{"taxonomy":"category","embeddable":true,"href":"https:\/\/immo.lecourrier.es\/index.php\/wp-json\/wp\/v2\/categories?post=70728"},{"taxonomy":"post_tag","embeddable":true,"href":"https:\/\/immo.lecourrier.es\/index.php\/wp-json\/wp\/v2\/tags?post=70728"}],"curies":[{"name":"wp","href":"https:\/\/api.w.org\/{rel}","templated":true}]}}