{"id":70631,"date":"2026-03-09T12:31:04","date_gmt":"2026-03-09T12:31:04","guid":{"rendered":"https:\/\/immo.lecourrier.es\/index.php\/2026\/03\/09\/amundi-met-en-vente-9-supermarches-carrefour-pour-200-millions-2\/"},"modified":"2026-04-20T09:50:31","modified_gmt":"2026-04-20T09:50:31","slug":"amundi-met-en-vente-9-supermarches-carrefour-pour-200-millions-2","status":"publish","type":"post","link":"https:\/\/immo.lecourrier.es\/index.php\/2026\/03\/09\/amundi-met-en-vente-9-supermarches-carrefour-pour-200-millions-2\/","title":{"rendered":"Amundi met en vente 9 supermarch\u00e9s Carrefour pour 200 millions"},"content":{"rendered":"<p><span dir=\"auto\" style=\"vertical-align: inherit\"><span dir=\"auto\" style=\"vertical-align: inherit\"><\/p>\n<h4><strong>Cinq de ces neuf actifs sont situ\u00e9s en Espagne, mais les quatre autres sont en Italie. (Brainsre.news)<\/strong><\/h4>\n<p>16\/12\/21<\/p>\n<p>Amundi profite du bon moment des supermarch\u00e9s. Le gestionnaire fran\u00e7ais a mis en vente un portefeuille compos\u00e9 de neuf hypermarch\u00e9s Carrefour pour un prix d&#8217;environ 200 millions d&#8217;euros, selon Cinco D\u00edas.<\/p>\n<p>Ce portefeuille est compos\u00e9 de cinq actifs en Espagne et quatre en Italie. BNP Paribas Real Estate et Cushman &amp; Wakefield se chargeront de mettre l&#8217;acheteur et le vendeur d&#8217;accord sur l&#8217;op\u00e9ration.<\/p>\n<p>Les actifs qui seront d\u00e9sinvestis se trouvent \u00e0 San Sebasti\u00e1n de los Reyes, Alcal\u00e1 de Henares, Santander, \u00c1vila et Rinc\u00f3n de la Victoria.<\/p>\n<p>Le gestionnaire de fonds cot\u00e9 sur Euronext Paris ne d\u00e9tient que 1% de son portefeuille immobilier en Espagne. Au niveau europ\u00e9en, elle compte 1.100 actifs, valoris\u00e9s 40.000 millions d&#8217;euros. Sur le territoire national, elle dispose de plusieurs parcs solaires.<\/p>\n<p>L\u2019Espagne, en 2020, a \u00e9t\u00e9 le troisi\u00e8me march\u00e9 au monde avec le plus grand investissement dans ce segment d\u2019actifs uniques, avec un montant de pr\u00e8s de 675\u00a0millions, contre 460\u00a0millions en 2019. En Europe, elle a repr\u00e9sent\u00e9 21\u00a0% de l\u2019ensemble des investissements dans le secteur commercial.<\/p>\n<p>Les supermarch\u00e9s Carrefour deviennent un produit tr\u00e8s valoris\u00e9 sur le march\u00e9. Un FPI nord-am\u00e9ricain, Realty Income, a achet\u00e9 12 actifs en seulement un mois, pour lesquels il a allou\u00e9 157 millions.<\/p>\n<p><em>Source : <a href=\"https:\/\/brainsre.news\/amundi-venta-9-supermercados-carrefour\/\">Brainsre.news<\/a><\/em><\/span><\/span><\/p>\n","protected":false},"excerpt":{"rendered":"<p>Cinq de ces neuf actifs sont situ\u00e9s en Espagne, mais les quatre autres sont en Italie. (Brainsre.news) 16\/12\/21 Amundi profite du bon moment des supermarch\u00e9s. Le gestionnaire fran\u00e7ais a mis en vente un portefeuille compos\u00e9 de neuf hypermarch\u00e9s Carrefour pour un prix d&#8217;environ 200 millions d&#8217;euros, selon Cinco D\u00edas. Ce portefeuille est compos\u00e9 de cinq [&hellip;]<\/p>\n","protected":false},"author":13,"featured_media":31322,"comment_status":"open","ping_status":"closed","sticky":false,"template":"","format":"standard","meta":{"om_disable_all_campaigns":false,"_monsterinsights_skip_tracking":false,"_monsterinsights_sitenote_active":false,"_monsterinsights_sitenote_note":"","_monsterinsights_sitenote_category":0,"_uf_show_specific_survey":0,"_uf_disable_surveys":false,"footnotes":""},"categories":[212,234],"tags":[],"class_list":["post-70631","post","type-post","status-publish","format-standard","has-post-thumbnail","hentry","category-breaking-news","category-logistique-retail"],"acf":[],"_links":{"self":[{"href":"https:\/\/immo.lecourrier.es\/index.php\/wp-json\/wp\/v2\/posts\/70631","targetHints":{"allow":["GET"]}}],"collection":[{"href":"https:\/\/immo.lecourrier.es\/index.php\/wp-json\/wp\/v2\/posts"}],"about":[{"href":"https:\/\/immo.lecourrier.es\/index.php\/wp-json\/wp\/v2\/types\/post"}],"author":[{"embeddable":true,"href":"https:\/\/immo.lecourrier.es\/index.php\/wp-json\/wp\/v2\/users\/13"}],"replies":[{"embeddable":true,"href":"https:\/\/immo.lecourrier.es\/index.php\/wp-json\/wp\/v2\/comments?post=70631"}],"version-history":[{"count":0,"href":"https:\/\/immo.lecourrier.es\/index.php\/wp-json\/wp\/v2\/posts\/70631\/revisions"}],"wp:featuredmedia":[{"embeddable":true,"href":"https:\/\/immo.lecourrier.es\/index.php\/wp-json\/wp\/v2\/media\/31322"}],"wp:attachment":[{"href":"https:\/\/immo.lecourrier.es\/index.php\/wp-json\/wp\/v2\/media?parent=70631"}],"wp:term":[{"taxonomy":"category","embeddable":true,"href":"https:\/\/immo.lecourrier.es\/index.php\/wp-json\/wp\/v2\/categories?post=70631"},{"taxonomy":"post_tag","embeddable":true,"href":"https:\/\/immo.lecourrier.es\/index.php\/wp-json\/wp\/v2\/tags?post=70631"}],"curies":[{"name":"wp","href":"https:\/\/api.w.org\/{rel}","templated":true}]}}