{"id":70160,"date":"2026-03-09T07:45:40","date_gmt":"2026-03-09T07:45:40","guid":{"rendered":"https:\/\/immo.lecourrier.es\/index.php\/2026\/03\/09\/plus-de-62-000-tonnes-de-sargasses-mettent-les-caraibes-mexicaines-en-alerte-2\/"},"modified":"2026-04-25T15:03:02","modified_gmt":"2026-04-25T15:03:02","slug":"plus-de-62-000-tonnes-de-sargasses-mettent-les-caraibes-mexicaines-en-alerte-2","status":"publish","type":"post","link":"https:\/\/immo.lecourrier.es\/index.php\/2026\/03\/09\/plus-de-62-000-tonnes-de-sargasses-mettent-les-caraibes-mexicaines-en-alerte-2\/","title":{"rendered":"Plus de 62 000 tonnes de sargasses mettent les Cara\u00efbes mexicaines en alerte"},"content":{"rendered":"<p><span dir=\"auto\" style=\"vertical-align: inherit\"><span dir=\"auto\" style=\"vertical-align: inherit\"><\/p>\n<p>En 2018, les plages des Cara\u00efbes mexicaines ont enregistr\u00e9 des chiffres historiques en termes d&#8217;arriv\u00e9e de sargasses et \u00e0 cette \u00e9poque la pr\u00e9sence est encore une fois excessive : plus de 62 609 tonnes, au 15 mai, marquant &#8220;un nouveau maximum&#8221; pour la r\u00e9gion, selon les donn\u00e9es du secr\u00e9taire de la marine du Mexique (Semar). <\/p>\n<p>Le pays est la deuxi\u00e8me destination, derri\u00e8re la R\u00e9publique dominicaine, o\u00f9 le tourisme international s&#8217;est le plus redress\u00e9, par rapport \u00e0 2019, mais la pr\u00e9sence de cette esp\u00e8ce d&#8217;algues met le secteur touristique en alerte, car elle impacte l&#8217;image de la destination et \u00e0 cause de le co\u00fbt du nettoyage<\/p>\n<p>Le dernier bulletin sur la surveillance et la pr\u00e9vision des sargasses dans la mer des Cara\u00efbes, qui est produit par l&#8217;Institut oc\u00e9anographique du golfe et de la mer des Cara\u00efbes (IOGMC), d\u00e9taille qu&#8217;il existe une &#8220;quantit\u00e9 estim\u00e9e de sargasses \u00e0 62 609 tonnes&#8221;. Bien qu&#8217;ils expliquent que cela ne signifie pas que cette quantit\u00e9 d&#8217;algues puisse atteindre la c\u00f4te mexicaine, ils soulignent que &#8220;cette quantit\u00e9 repr\u00e9sente un nouveau maximum atteint pour cette r\u00e9gion&#8221;.<\/p>\n<figure class=\"wp-block-image size-large\"><img decoding=\"async\" src=\"https:\/\/immo.lecourrier.es\/wp-content\/uploads\/2026\/03\/Capture-decran-2022-05-21-a-15.50.19-888x1024-1.jpg\"><\/figure>\n<p>Source : Secr\u00e9taire de la Marine du Mexique.<br \/>Dans le document, ils expliquent qu&#8217;actuellement le niveau d&#8217;alerte, pour l&#8217;estimation des recales dans les Cara\u00efbes mexicaines, se situe dans la cat\u00e9gorie 8, &#8220;qui correspond \u00e0 la d\u00e9nomination de &#8216;Excessif&#8217;&#8221;.<\/p>\n<p>Que signifie un exc\u00e8s de sargasses ? Que la quantit\u00e9 d&#8217;algues accumul\u00e9es sur certaines plages forme des monticules &#8220;de plus de 90 cm de hauteur en moins de 24 heures, recouvrant toute la plage et rendant impossible le transit \u00e0 pied et avec des engins&#8221;<\/p>\n<p>Selon le secr\u00e9taire de la Marine du Mexique, les 18 et 19 mai, &#8220;une augmentation des atterrissages a pu \u00eatre observ\u00e9e dans les environs d&#8217;Akumal, Playa del Carmen et Puerto Morelos, ainsi que sur les plages du sud et de l&#8217;est de Cozumel, o\u00f9 ils observera des rappels continus \u00bb.<\/p>\n<p><\/span><\/span><\/p>\n","protected":false},"excerpt":{"rendered":"<p>En 2018, les plages des Cara\u00efbes mexicaines ont enregistr\u00e9 des chiffres historiques en termes d&#8217;arriv\u00e9e de sargasses et \u00e0 cette \u00e9poque la pr\u00e9sence est encore une fois excessive : plus de 62 609 tonnes, au 15 mai, marquant &#8220;un nouveau maximum&#8221; pour la r\u00e9gion, selon les donn\u00e9es du secr\u00e9taire de la marine du Mexique (Semar). [&hellip;]<\/p>\n","protected":false},"author":13,"featured_media":70162,"comment_status":"open","ping_status":"closed","sticky":false,"template":"","format":"standard","meta":{"om_disable_all_campaigns":false,"_monsterinsights_skip_tracking":false,"_monsterinsights_sitenote_active":false,"_monsterinsights_sitenote_note":"","_monsterinsights_sitenote_category":0,"_uf_show_specific_survey":0,"_uf_disable_surveys":false,"footnotes":""},"categories":[212],"tags":[],"class_list":["post-70160","post","type-post","status-publish","format-standard","has-post-thumbnail","hentry","category-breaking-news"],"acf":[],"_links":{"self":[{"href":"https:\/\/immo.lecourrier.es\/index.php\/wp-json\/wp\/v2\/posts\/70160","targetHints":{"allow":["GET"]}}],"collection":[{"href":"https:\/\/immo.lecourrier.es\/index.php\/wp-json\/wp\/v2\/posts"}],"about":[{"href":"https:\/\/immo.lecourrier.es\/index.php\/wp-json\/wp\/v2\/types\/post"}],"author":[{"embeddable":true,"href":"https:\/\/immo.lecourrier.es\/index.php\/wp-json\/wp\/v2\/users\/13"}],"replies":[{"embeddable":true,"href":"https:\/\/immo.lecourrier.es\/index.php\/wp-json\/wp\/v2\/comments?post=70160"}],"version-history":[{"count":0,"href":"https:\/\/immo.lecourrier.es\/index.php\/wp-json\/wp\/v2\/posts\/70160\/revisions"}],"wp:featuredmedia":[{"embeddable":true,"href":"https:\/\/immo.lecourrier.es\/index.php\/wp-json\/wp\/v2\/media\/70162"}],"wp:attachment":[{"href":"https:\/\/immo.lecourrier.es\/index.php\/wp-json\/wp\/v2\/media?parent=70160"}],"wp:term":[{"taxonomy":"category","embeddable":true,"href":"https:\/\/immo.lecourrier.es\/index.php\/wp-json\/wp\/v2\/categories?post=70160"},{"taxonomy":"post_tag","embeddable":true,"href":"https:\/\/immo.lecourrier.es\/index.php\/wp-json\/wp\/v2\/tags?post=70160"}],"curies":[{"name":"wp","href":"https:\/\/api.w.org\/{rel}","templated":true}]}}