{"id":70157,"date":"2026-03-09T07:45:23","date_gmt":"2026-03-09T07:45:23","guid":{"rendered":"https:\/\/immo.lecourrier.es\/index.php\/2026\/03\/09\/le-nouveau-hilton-mallorca-galatzo-ouvrira-au-public-le-1er-aout-2\/"},"modified":"2026-04-25T15:02:56","modified_gmt":"2026-04-25T15:02:56","slug":"le-nouveau-hilton-mallorca-galatzo-ouvrira-au-public-le-1er-aout-2","status":"publish","type":"post","link":"https:\/\/immo.lecourrier.es\/index.php\/2026\/03\/09\/le-nouveau-hilton-mallorca-galatzo-ouvrira-au-public-le-1er-aout-2\/","title":{"rendered":"Le nouveau Hilton Mallorca Galatz\u00f3 ouvrira au public le 1er ao\u00fbt"},"content":{"rendered":"<p><span dir=\"auto\" style=\"vertical-align: inherit\"><span dir=\"auto\" style=\"vertical-align: inherit\"><\/p>\n<p><em>La cha\u00eene am\u00e9ricaine Hilton a fix\u00e9 une date pour l&#8217;ouverture de son nouvel h\u00f4tel en Espagne, le Hilton Mallorca Galatz\u00f3, qui accepte d\u00e9j\u00e0 les r\u00e9servations d&#8217;h\u00e9bergement \u00e0 partir du 1er ao\u00fbt, selon la firme sur les r\u00e9seaux sociaux. Il s&#8217;agira du 18e \u00e9tablissement du groupe am\u00e9ricain dans notre pays et du premier dans les \u00eeles Bal\u00e9ares, o\u00f9 il \u00e9largit l&#8217;offre d&#8217;h\u00f4tels 5 \u00e9toiles \u00e0 Majorque.<\/em><\/p>\n<p>Hosteltur, 21 mai 2022<\/p>\n<p>Situ\u00e9 sur la Costa de la Calma, au kilom\u00e8tre 20 de la route d&#8217;Andratx, le Hilton Mallorca Galatz\u00f3 sera exploit\u00e9 sous la marque Hilton Hotels &amp; Resorts, suite \u00e0 un accord avec Galatz\u00f3 Inversiones S.L. sign\u00e9 en novembre dernier.<\/p>\n<p>Ces derniers mois, l&#8217;\u00e9tablissement a fait l&#8217;objet d&#8217;une r\u00e9novation importante afin d&#8217;am\u00e9liorer les installations et la d\u00e9coration int\u00e9rieure.<\/p>\n<p>Le complexe de luxe, qui compte 208 chambres et suites, est situ\u00e9 sur le front de mer, dans un cadre entour\u00e9 de 54.000 m\u00e8tres carr\u00e9s de jardins.<\/p>\n<p>Il dispose de trois piscines, dont une couverte et chauff\u00e9e, de deux bars, d&#8217;un restaurant, d&#8217;un lobby bar et d&#8217;une grande terrasse ext\u00e9rieure.<\/p>\n<figure class=\"wp-block-image\"><img decoding=\"async\" src=\"https:\/\/immo.lecourrier.es\/wp-content\/uploads\/2024\/04\/L_190546_main-building-copy.jpg\"><figcaption>Vue du b\u00e2timent principal de l&#8217;h\u00f4tel.<\/figcaption><\/figure>\n<p>Il dispose \u00e9galement d&#8217;un centre de bien-\u00eatre et de spa avec six salles de soins, un sauna, un jacuzzi, une salle de sport et plusieurs courts de tennis.<\/p>\n<p>Pour les \u00e9v\u00e9nements et les r\u00e9unions, il offre 1.000 m\u00e8tres carr\u00e9s de salles, dont la plus grande peut accueillir jusqu&#8217;\u00e0 250 personnes.<\/p>\n<figure class=\"wp-block-image\"><img decoding=\"async\" src=\"https:\/\/immo.lecourrier.es\/wp-content\/uploads\/2024\/04\/L_190613_main-terrace-views-2.jpg\"><figcaption>L&#8217;\u00e9tablissement est entour\u00e9 de 54.000 m\u00e8tres carr\u00e9s de jardins.<\/figcaption><\/figure>\n<p>L&#8217;h\u00f4tel se trouve \u00e0 moins de cinq minutes de route des plages de Paguera, et \u00e0 environ 20 minutes des terrains de golf d&#8217;Andratx et de Santa Pon\u00e7a et du port d&#8217;Andratx.<\/p>\n<p>Le nouveau complexe rejoindra les 17 h\u00f4tels actuellement exploit\u00e9s en Espagne sous les diff\u00e9rentes marques Hilton.<\/p>\n<p>Source <a href=\"https:\/\/www.hosteltur.com\/151625_hosteltur-tv-cual-sera-la-hoja-de-ruta-para-la-recuperacion-del-mice.html\" target=\"_blank\" rel=\"noreferrer noopener\">Hosteltur <\/a><\/p>\n<p><\/span><\/span><\/p>\n","protected":false},"excerpt":{"rendered":"<p>La cha\u00eene am\u00e9ricaine Hilton a fix\u00e9 une date pour l&#8217;ouverture de son nouvel h\u00f4tel en Espagne, le Hilton Mallorca Galatz\u00f3, qui accepte d\u00e9j\u00e0 les r\u00e9servations d&#8217;h\u00e9bergement \u00e0 partir du 1er ao\u00fbt, selon la firme sur les r\u00e9seaux sociaux. Il s&#8217;agira du 18e \u00e9tablissement du groupe am\u00e9ricain dans notre pays et du premier dans les \u00eeles [&hellip;]<\/p>\n","protected":false},"author":13,"featured_media":27506,"comment_status":"open","ping_status":"closed","sticky":false,"template":"","format":"standard","meta":{"om_disable_all_campaigns":false,"_monsterinsights_skip_tracking":false,"_monsterinsights_sitenote_active":false,"_monsterinsights_sitenote_note":"","_monsterinsights_sitenote_category":0,"_uf_show_specific_survey":0,"_uf_disable_surveys":false,"footnotes":""},"categories":[212],"tags":[],"class_list":["post-70157","post","type-post","status-publish","format-standard","has-post-thumbnail","hentry","category-breaking-news"],"acf":[],"_links":{"self":[{"href":"https:\/\/immo.lecourrier.es\/index.php\/wp-json\/wp\/v2\/posts\/70157","targetHints":{"allow":["GET"]}}],"collection":[{"href":"https:\/\/immo.lecourrier.es\/index.php\/wp-json\/wp\/v2\/posts"}],"about":[{"href":"https:\/\/immo.lecourrier.es\/index.php\/wp-json\/wp\/v2\/types\/post"}],"author":[{"embeddable":true,"href":"https:\/\/immo.lecourrier.es\/index.php\/wp-json\/wp\/v2\/users\/13"}],"replies":[{"embeddable":true,"href":"https:\/\/immo.lecourrier.es\/index.php\/wp-json\/wp\/v2\/comments?post=70157"}],"version-history":[{"count":0,"href":"https:\/\/immo.lecourrier.es\/index.php\/wp-json\/wp\/v2\/posts\/70157\/revisions"}],"wp:featuredmedia":[{"embeddable":true,"href":"https:\/\/immo.lecourrier.es\/index.php\/wp-json\/wp\/v2\/media\/27506"}],"wp:attachment":[{"href":"https:\/\/immo.lecourrier.es\/index.php\/wp-json\/wp\/v2\/media?parent=70157"}],"wp:term":[{"taxonomy":"category","embeddable":true,"href":"https:\/\/immo.lecourrier.es\/index.php\/wp-json\/wp\/v2\/categories?post=70157"},{"taxonomy":"post_tag","embeddable":true,"href":"https:\/\/immo.lecourrier.es\/index.php\/wp-json\/wp\/v2\/tags?post=70157"}],"curies":[{"name":"wp","href":"https:\/\/api.w.org\/{rel}","templated":true}]}}