{"id":69915,"date":"2026-03-09T04:15:28","date_gmt":"2026-03-09T04:15:28","guid":{"rendered":"https:\/\/immo.lecourrier.es\/index.php\/2026\/03\/09\/mon-architecto-architecte-francais-en-espagne-2\/"},"modified":"2026-04-25T11:46:21","modified_gmt":"2026-04-25T11:46:21","slug":"mon-architecto-architecte-francais-en-espagne-2","status":"publish","type":"post","link":"https:\/\/immo.lecourrier.es\/index.php\/2026\/03\/09\/mon-architecto-architecte-francais-en-espagne-2\/","title":{"rendered":"Mon Architecto : architecte fran\u00e7ais en Espagne"},"content":{"rendered":"<p><span dir=\"auto\" style=\"vertical-align: inherit\"><span dir=\"auto\" style=\"vertical-align: inherit\"><\/p>\n<p><em>Un architecte fran\u00e7ais en Espagne ! <a href=\"http:\/\/www.monarchitecto.com\">Mon Architecto<\/a>, bas\u00e9 \u00e0 Madrid et dans toute l&#8217;Espagne, est sp\u00e9cialis\u00e9 dans la r\u00e9novation et la construction de maisons. Mon Architecto vous aide \u00e0 concevoir le logement de vos r\u00eaves.\u00a0<\/em><\/p>\n<p>Chez Mon Architecto, notre mission est claire : accompagner, conseiller et concr\u00e9tiser les projets immobiliers et les travaux de nos clients francophones en Espagne. Nous mettons \u00e0 profit notre exp\u00e9rience et notre connaissance approfondie du march\u00e9 immobilier espagnol. Notre objectif est de simplifier et de rendre agr\u00e9able chaque \u00e9tape de votre projet, depuis la conception jusqu&#8217;\u00e0 la r\u00e9alisation, en vous offrant un accompagnement personnalis\u00e9 et adapt\u00e9 \u00e0 vos besoins sp\u00e9cifiques.<\/p>\n<h3 class=\"wp-block-heading\"><strong>Les services<\/strong><\/h3>\n<ul class=\"wp-block-list\">\n<li><strong>Acquisition<\/strong><\/li>\n<\/ul>\n<p>Si vous recherchez un appartement ou une maison pour une r\u00e9sidence secondaire ou principale, nous vous accompagnons avec des experts de l&#8217;immobilier partout en Espagne. Nous trouverons ensemble votre prochain coup de c\u0153ur. L&#8217;envergure de votre investissement requiert une assistance compl\u00e8te : gestion administrative, fiscalit\u00e9, respect des normes l\u00e9gales. Nous sommes l\u00e0 pour vous \u00e9pauler dans chacun de ces domaines.<\/p>\n<ul class=\"wp-block-list\">\n<li><strong>R\u00e9novation<\/strong><\/li>\n<\/ul>\n<p>Vous ne trouvez que des biens d\u00e9mod\u00e9s qui ne sont pas \u00e0 vos gouts et vous avez du mal \u00e0 vous projeter. Rassurez-vous, nous sommes cr\u00e9atifs et pleins d&#8217;id\u00e9es pour redonner vie \u00e0 l&#8217;ancien. Un architecte pourra m\u00eame vous accompagner si vous le souhaitez. Si la gestion du budget vous inqui\u00e8te, nous surveillerons les co\u00fbts au centime pr\u00eat ! Quant \u00e0 la recherche d&#8217;artisans comp\u00e9tents, nous vous partagerons notre r\u00e9seau de professionnels fiables. Pour faire simple, nous sommes l\u00e0 du d\u00e9but jusqu&#8217;\u00e0 la fin pour que vous n&#8217;ayez \u00e0 vous pr\u00e9occuper de rien.<\/p>\n<ul class=\"wp-block-list\">\n<li><strong>Construction neuve<\/strong><\/li>\n<\/ul>\n<p>Si vous ne trouvez pas ce que vous cherchez, pourquoi ne pas envisager de construire la maison de vos r\u00eaves en Espagne ? Il faudra trouver un terrain si ce n&#8217;est pas d\u00e9j\u00e0 fait. Nous serons l\u00e0 pour vous accompagner durant l&#8217;achat du terrain jusqu&#8217;\u00e0 la construction de votre nouveau foyer, en passant par la conception de votre futur logis. Nous rassemblons les meilleurs professionnels pour un projet garantissant une satisfaction \u00e0 100 %<\/p>\n<ul class=\"wp-block-list\">\n<li><strong>et tout \u00e7a depuis chez vous !<\/strong><\/li>\n<\/ul>\n<p>Optimisez votre investissement sans les tracas ! Les d\u00e9placements en Espagne co\u00fbtent cher et le suivi de chantier est fastidieux. Avec nous, vos pr\u00e9occupations disparaissent. Nous agissons en tant que votre repr\u00e9sentant sur place, veillant \u00e0 vos int\u00e9r\u00eats \u00e0 chaque \u00e9tape. Une communication r\u00e9guli\u00e8re entre nous vous garantit une tranquillit\u00e9 d&#8217;esprit totale. Votre pr\u00e9sence sera requise uniquement devant le notaire et pour pendre la cr\u00e9maill\u00e8re !<\/p>\n<h3 class=\"wp-block-heading\"><strong>Pourquoi choisir Mon Architecto ?<\/strong><\/h3>\n<ul class=\"wp-block-list\">\n<li><strong>Pr\u00e9sent partout en Espagne<\/strong><\/li>\n<\/ul>\n<p>Notre expertise couvre l&#8217;ensemble de l&#8217;Espagne, garantissant une compr\u00e9hension pr\u00e9cise des r\u00e9glementations locales, des normes et des particularit\u00e9s r\u00e9gionales pour vos projets.<\/p>\n<ul class=\"wp-block-list\">\n<li><strong>Exp\u00e9rience dans le logement<\/strong><\/li>\n<\/ul>\n<p>Notre savoir-faire, forg\u00e9 \u00e0 travers des ann\u00e9es d&#8217;engagement et de r\u00e9alisations, vous assure une qualit\u00e9 et une fiabilit\u00e9 in\u00e9gal\u00e9es. Fiez-vous \u00e0 des professionnels qui connaissent les rouages du secteur pour donner vie \u00e0 vos aspirations.<\/p>\n<ul class=\"wp-block-list\">\n<li><strong>Accompagnement personnalis\u00e9<\/strong><\/li>\n<\/ul>\n<p>Votre projet est unique, et votre exp\u00e9rience devrait l&#8217;\u00eatre aussi. Nous croyons en une approche sur mesure, o\u00f9 chaque \u00e9tape de votre aventure de r\u00e9novation ou de construction est soigneusement guid\u00e9e et adapt\u00e9e \u00e0 vos besoins.<\/p>\n<ul class=\"wp-block-list\">\n<li><strong>Communication en fran\u00e7ais<\/strong><\/li>\n<\/ul>\n<p>La barri\u00e8re de la langue ne sera jamais un obstacle avec nous. Parlez avec notre \u00e9quipe francophone sans encombre et exprimez vos id\u00e9es, vos attentes ou bien vos questionnements dans votre propre langue.<\/p>\n<h3 class=\"wp-block-heading\"><strong> Les projets <\/strong><\/h3>\n<figure class=\"wp-block-image size-large\"><img decoding=\"async\" src=\"https:\/\/immo.lecourrier.es\/wp-content\/uploads\/2026\/03\/Capture-decran-2022-08-23-a-10.08.38-scaled.png\"><\/figure>\n<hr class=\"wp-block-separator has-alpha-channel-opacity\" \/>\n<h3 class=\"wp-block-heading\"><strong>Contact Mon Architecto <\/strong><\/h3>\n<p><strong>Interlocuteur francophone : Cl\u00e9ment Bouyer Roig<\/strong><\/p>\n<p>+33 6 13 18 58 48 \/\u00a0+34 644 428 659 <br \/><a href=\"mailto:hola@monarchitecto.com\" target=\"_blank\" rel=\"noreferrer noopener\">hola@monarchitecto.com<\/a><\/p>\n<p><a href=\"http:\/\/www.monarchitecto.com\/\" target=\"_blank\" rel=\"noreferrer noopener\">www.monarchitecto.com<\/a><\/p>\n<\/p>\n<p><strong>Section : <\/strong><a href=\"https:\/\/lecourrier.es\/cmyk-arquitectos-architecte-francais-a-madrid\/\" target=\"_blank\" rel=\"noreferrer noopener\">Cabinet d&#8217;architectes francophones \u00e0 Madrid <\/a><\/p>\n<p><\/span><\/span><\/p>\n","protected":false},"excerpt":{"rendered":"<p>Un architecte fran\u00e7ais en Espagne ! Mon Architecto, bas\u00e9 \u00e0 Madrid et dans toute l&#8217;Espagne, est sp\u00e9cialis\u00e9 dans la r\u00e9novation et la construction de maisons. Mon Architecto vous aide \u00e0 concevoir le logement de vos r\u00eaves.\u00a0 Chez Mon Architecto, notre mission est claire : accompagner, conseiller et concr\u00e9tiser les projets immobiliers et les travaux de [&hellip;]<\/p>\n","protected":false},"author":13,"featured_media":69917,"comment_status":"open","ping_status":"closed","sticky":false,"template":"","format":"standard","meta":{"om_disable_all_campaigns":false,"_monsterinsights_skip_tracking":false,"_monsterinsights_sitenote_active":false,"_monsterinsights_sitenote_note":"","_monsterinsights_sitenote_category":0,"_uf_show_specific_survey":0,"_uf_disable_surveys":false,"footnotes":""},"categories":[4454],"tags":[],"class_list":["post-69915","post","type-post","status-publish","format-standard","has-post-thumbnail","hentry","category-prestataires"],"acf":[],"_links":{"self":[{"href":"https:\/\/immo.lecourrier.es\/index.php\/wp-json\/wp\/v2\/posts\/69915","targetHints":{"allow":["GET"]}}],"collection":[{"href":"https:\/\/immo.lecourrier.es\/index.php\/wp-json\/wp\/v2\/posts"}],"about":[{"href":"https:\/\/immo.lecourrier.es\/index.php\/wp-json\/wp\/v2\/types\/post"}],"author":[{"embeddable":true,"href":"https:\/\/immo.lecourrier.es\/index.php\/wp-json\/wp\/v2\/users\/13"}],"replies":[{"embeddable":true,"href":"https:\/\/immo.lecourrier.es\/index.php\/wp-json\/wp\/v2\/comments?post=69915"}],"version-history":[{"count":0,"href":"https:\/\/immo.lecourrier.es\/index.php\/wp-json\/wp\/v2\/posts\/69915\/revisions"}],"wp:featuredmedia":[{"embeddable":true,"href":"https:\/\/immo.lecourrier.es\/index.php\/wp-json\/wp\/v2\/media\/69917"}],"wp:attachment":[{"href":"https:\/\/immo.lecourrier.es\/index.php\/wp-json\/wp\/v2\/media?parent=69915"}],"wp:term":[{"taxonomy":"category","embeddable":true,"href":"https:\/\/immo.lecourrier.es\/index.php\/wp-json\/wp\/v2\/categories?post=69915"},{"taxonomy":"post_tag","embeddable":true,"href":"https:\/\/immo.lecourrier.es\/index.php\/wp-json\/wp\/v2\/tags?post=69915"}],"curies":[{"name":"wp","href":"https:\/\/api.w.org\/{rel}","templated":true}]}}