{"id":69534,"date":"2026-03-09T00:52:24","date_gmt":"2026-03-09T00:52:24","guid":{"rendered":"https:\/\/immo.lecourrier.es\/index.php\/2026\/03\/09\/recuperation-presque-totale-pour-les-aeroports-espagnols-2\/"},"modified":"2026-04-25T08:35:14","modified_gmt":"2026-04-25T08:35:14","slug":"recuperation-presque-totale-pour-les-aeroports-espagnols-2","status":"publish","type":"post","link":"https:\/\/immo.lecourrier.es\/index.php\/2026\/03\/09\/recuperation-presque-totale-pour-les-aeroports-espagnols-2\/","title":{"rendered":"R\u00e9cup\u00e9ration presque totale pour les a\u00e9roports espagnols"},"content":{"rendered":"<p><span dir=\"auto\" style=\"vertical-align: inherit\"><span dir=\"auto\" style=\"vertical-align: inherit\"><\/p>\n<p>Aena, l\u2019op\u00e9rateur des a\u00e9roports espagnols, a publi\u00e9 les chiffres d&#8217;octobre 2022, comptabilisant pr\u00e8s de 24 millions de passagers, ce qui signifie que plus de 97 % du trafic passagers d&#8217;avant la pand\u00e9mie a \u00e9t\u00e9 r\u00e9cup\u00e9r\u00e9, avec des disparit\u00e9s selon les a\u00e9roports.<\/p>\n<p>Pour le cinqui\u00e8me mois cons\u00e9cutif, l&#8217;a\u00e9roport de Valencia a battu son propre record de passagers r\u00e9alisant au passage le meilleur mois d&#8217;octobre de son histoire avec presque 800 000 passagers. Ce chiffre est sup\u00e9rieur de 3,4 % \u00e0 celui du m\u00eame mois de 2019, l&#8217;ann\u00e9e pr\u00e9c\u00e9dant la pand\u00e9mie. \u00c0 deux mois de la fin de l&#8217;ann\u00e9e, cela porte le nombre total de passagers cumul\u00e9s \u00e0 6,9 millions.<\/p>\n<p>\u00c0 ce stade, l&#8217;a\u00e9roport de Valencia est sur le point de retrouver son volume de trafic d&#8217;avant la crise, puisqu&#8217;entre janvier et octobre, il a d\u00e9j\u00e0 enregistr\u00e9 l&#8217;\u00e9quivalent de 94,4 % du nombre total de passagers pour la m\u00eame p\u00e9riode en 2019. Une hausse de 17,7 % par rapport \u00e0 l&#8217;an pass\u00e9. Le nombre de vols effectu\u00e9s au cours des dix premiers mois de l&#8217;ann\u00e9e sont de 62 584, soit 94,5 % des mouvements op\u00e9r\u00e9s au cours de la m\u00eame p\u00e9riode de 2019.<\/p>\n<p>Le mois d&#8217;ao\u00fbt a d&#8217;ailleurs \u00e9t\u00e9 le meilleur de tous les temps pour l&#8217;a\u00e9roport de Valencia avec un total de 903 183 passagers et une augmentation de 1,5 % par rapport \u00e0 2019. Jamais auparavant, il n&#8217;avait d\u00e9pass\u00e9 les 900 000 passagers mensuels.<br \/>Toujours selon les statistiques d&#8217;Aena jusqu&#8217;en octobre dernier, le trafic des vols int\u00e9rieurs a enregistr\u00e9 une hausse de 25,5 % par rapport au m\u00eame mois de 2019 pour atteindre 240 554 passagers en octobre. En revanche, le trafic international n&#8217;a pas encore retrouv\u00e9 son niveau de 2019.<\/p>\n<p>De tous les grands a\u00e9roports du groupe Aena, Ibiza, Valencia et Tenerife Sud sont ceux qui ont augment\u00e9 le plus par rapport \u00e0 octobre 2019 (Ibiza d\u00e9tient le record avec une augmentation de 9,2%) alors que Madrid-Barajas est en baisse de 12,4 %, Barcelona-El Prat en baisse de 9,7% et Alicante a vu le nombre de ses passagers diminuer de 5,1% en octobre par rapport au m\u00eame mois de 2019.<\/p>\n<p>Pour Aena qui pr\u00e9sente son plan strat\u00e9gique cette semaine, la situation macro\u00e9conomique et la crise \u00e9nerg\u00e9tique (les billets ont augment\u00e9 d\u2019environ 20 % en 1 an) sont d\u00e9sormais des \u00e9l\u00e9ments d\u2019incertitude, qui viennent troubler cette r\u00e9cup\u00e9ration m\u00eame si, \u00e0 court terme, les perspectives pour cet hiver sont bonnes : 116,8 millions de si\u00e8ges sont pr\u00e9vus jusqu&#8217;au 25 mars, soit 5,3 % de plus qu&#8217;en 2019.<\/p>\n<p class=\"has-text-align-right\">Laurence Lemoine<\/p>\n<p class=\"has-text-align-right\"><a href=\"https:\/\/www.valencia-expat-services.com\/\">Valencia Expat services<\/a><br \/><a href=\"http:\/\/www.madrid-expat-services.com\/\">Madrid<\/a>&nbsp;<a href=\"https:\/\/barcelona-expat-services.es\/fr\/\">Barcelone<\/a>&nbsp;<a href=\"http:\/\/www.javea-denia-expat-services.com\/\">Javea-Denia<\/a><\/p>\n<p><\/span><\/span><\/p>\n","protected":false},"excerpt":{"rendered":"<p>Aena, l\u2019op\u00e9rateur des a\u00e9roports espagnols, a publi\u00e9 les chiffres d&#8217;octobre 2022, comptabilisant pr\u00e8s de 24 millions de passagers, ce qui signifie que plus de 97 % du trafic passagers d&#8217;avant la pand\u00e9mie a \u00e9t\u00e9 r\u00e9cup\u00e9r\u00e9, avec des disparit\u00e9s selon les a\u00e9roports. Pour le cinqui\u00e8me mois cons\u00e9cutif, l&#8217;a\u00e9roport de Valencia a battu son propre record de [&hellip;]<\/p>\n","protected":false},"author":13,"featured_media":25624,"comment_status":"open","ping_status":"closed","sticky":false,"template":"","format":"standard","meta":{"om_disable_all_campaigns":false,"_monsterinsights_skip_tracking":false,"_monsterinsights_sitenote_active":false,"_monsterinsights_sitenote_note":"","_monsterinsights_sitenote_category":0,"_uf_show_specific_survey":0,"_uf_disable_surveys":false,"footnotes":""},"categories":[212],"tags":[],"class_list":["post-69534","post","type-post","status-publish","format-standard","has-post-thumbnail","hentry","category-breaking-news"],"acf":[],"_links":{"self":[{"href":"https:\/\/immo.lecourrier.es\/index.php\/wp-json\/wp\/v2\/posts\/69534","targetHints":{"allow":["GET"]}}],"collection":[{"href":"https:\/\/immo.lecourrier.es\/index.php\/wp-json\/wp\/v2\/posts"}],"about":[{"href":"https:\/\/immo.lecourrier.es\/index.php\/wp-json\/wp\/v2\/types\/post"}],"author":[{"embeddable":true,"href":"https:\/\/immo.lecourrier.es\/index.php\/wp-json\/wp\/v2\/users\/13"}],"replies":[{"embeddable":true,"href":"https:\/\/immo.lecourrier.es\/index.php\/wp-json\/wp\/v2\/comments?post=69534"}],"version-history":[{"count":0,"href":"https:\/\/immo.lecourrier.es\/index.php\/wp-json\/wp\/v2\/posts\/69534\/revisions"}],"wp:featuredmedia":[{"embeddable":true,"href":"https:\/\/immo.lecourrier.es\/index.php\/wp-json\/wp\/v2\/media\/25624"}],"wp:attachment":[{"href":"https:\/\/immo.lecourrier.es\/index.php\/wp-json\/wp\/v2\/media?parent=69534"}],"wp:term":[{"taxonomy":"category","embeddable":true,"href":"https:\/\/immo.lecourrier.es\/index.php\/wp-json\/wp\/v2\/categories?post=69534"},{"taxonomy":"post_tag","embeddable":true,"href":"https:\/\/immo.lecourrier.es\/index.php\/wp-json\/wp\/v2\/tags?post=69534"}],"curies":[{"name":"wp","href":"https:\/\/api.w.org\/{rel}","templated":true}]}}