{"id":69533,"date":"2026-03-09T00:52:19","date_gmt":"2026-03-09T00:52:19","guid":{"rendered":"https:\/\/immo.lecourrier.es\/index.php\/2026\/03\/09\/yugo-ajoute-deux-residences-etudiantes-bermejales-seville-et-yugo-coliseo-europa-villaviciosa-de-odon-2\/"},"modified":"2026-04-25T08:35:13","modified_gmt":"2026-04-25T08:35:13","slug":"yugo-ajoute-deux-residences-etudiantes-bermejales-seville-et-yugo-coliseo-europa-villaviciosa-de-odon-2","status":"publish","type":"post","link":"https:\/\/immo.lecourrier.es\/index.php\/2026\/03\/09\/yugo-ajoute-deux-residences-etudiantes-bermejales-seville-et-yugo-coliseo-europa-villaviciosa-de-odon-2\/","title":{"rendered":"Yugo ajoute deux r\u00e9sidences \u00e9tudiantes : Bermejales (S\u00e9ville) et Yugo Coliseo Europa (Villaviciosa de Od\u00f3n)"},"content":{"rendered":"<p><span dir=\"auto\" style=\"vertical-align: inherit\"><span dir=\"auto\" style=\"vertical-align: inherit\"><\/p>\n<p>Yugo ajoute deux r\u00e9sidences \u00e9tudiantes : Bermejales (S\u00e9ville) et Yugo Coliseo Europa (Villaviciosa de Od\u00f3n)<br \/>La r\u00e9sidence \u00e9tudiante Bermejales (S\u00e9ville) compte 242 chambres et la r\u00e9sidence \u00e9tudiante Yugo Coliseo Europea (Villaviciosa de Od\u00f3n) compte 406 autres chambres.<br \/>Actualit\u00e9s Brainsre<br \/>15\/11\/2022<br \/>Yugo Coliseo Europea, nouvelle r\u00e9sidence \u00e9tudiante \u00e0 Villaviciosa de Od\u00f3n, \u00e0 c\u00f4t\u00e9 de l&#8217;Universit\u00e9 europ\u00e9enne de Madrid.<br \/>Yugo Coliseo Europea, nouvelle r\u00e9sidence \u00e9tudiante \u00e0 Villaviciosa de Od\u00f3n, \u00e0 c\u00f4t\u00e9 de l&#8217;Universit\u00e9 europ\u00e9enne de Madrid.<br \/>Yugo d\u00e9m\u00e9nage \u00e0 S\u00e9ville et \u00e0 Madrid. L&#8217;op\u00e9rateur mondial de r\u00e9sidences \u00e9tudiantes acquiert deux nouveaux actifs dans le quartier s\u00e9villan de Bermejales, pr\u00e8s du campus universitaire Reina Mercedes, \u00e0 S\u00e9ville, et \u00e0 proximit\u00e9 de l&#8217;Universit\u00e9 europ\u00e9enne, dans la ville madril\u00e8ne de Villaviciosa de Od\u00f3n.<\/p>\n<p>Avec cette nouvelle ouverture, le portefeuille de Yugo en Espagne comprend 11 r\u00e9sidences, qui seront 13 en janvier 2023 : six r\u00e9sidences \u00e0 Madrid, une autre \u00e0 Alcal\u00e1 de Henares, deux \u00e0 Barcelone et quatre nouvelles r\u00e9sidences \u00e0 Salamanque, Oviedo et S\u00e9ville.<\/p>\n<p>Aujourd&#8217;hui, son portefeuille mondial de propri\u00e9t\u00e9s comprend plus de 110 espaces de vie dans neuf pays et dans 70 grandes villes du monde, avec une marque unique de 40 000 lits pour l&#8217;enseignement sup\u00e9rieur.<\/p>\n<p>R\u00e9sidence \u00e9tudiante Bermejales (S\u00e9ville) : 242 chambres<\/p>\n<p>Bermejales Yugo S\u00e9ville<br \/>Bermejales, nouvelle r\u00e9sidence \u00e9tudiante \u00e0 S\u00e9ville.<br \/>\u00c0 S\u00e9ville, Yugo s&#8217;est engag\u00e9 dans le quartier de Los Bermejales, l&#8217;un des quartiers universitaires les plus importants de la capitale andalouse compte tenu de sa proximit\u00e9 avec le campus Reina Mercedes, qui compte plusieurs facult\u00e9s et \u00e9coles universitaires. L&#8217;actif est situ\u00e9, plus pr\u00e9cis\u00e9ment, entre l&#8217;Avenida de la Palmera et H\u00e9liopolis.<\/p>\n<p>La nouvelle r\u00e9sidence \u00e9tudiante, propri\u00e9t\u00e9 d&#8217;Urbania et exploit\u00e9e par Yugo, compte 242 chambres r\u00e9parties en chambres avec cuisine et chambres sans cuisine partageant une cuisine commune. Les chambres disposent de la climatisation, du chauffage, d&#8217;une salle de bain priv\u00e9e, d&#8217;un grand espace de rangement, d&#8217;un mini-r\u00e9frig\u00e9rateur, d&#8217;un micro-ondes et d&#8217;un bureau.<\/p>\n<p>Le nouveau b\u00e2timent a 6 500 m\u00e8tres carr\u00e9s et est organis\u00e9 autour d&#8217;une cour centrale, symbole de l&#8217;architecture andalouse. Environ 60% a \u00e9t\u00e9 construit en utilisant des techniques industrialis\u00e9es et durables, ce qui lui permet de g\u00e9n\u00e9rer une empreinte carbone plus faible, d&#8217;\u00e9conomiser de l&#8217;eau et de l&#8217;\u00e9nergie et de r\u00e9duire la quantit\u00e9 de d\u00e9chets. Le design est sign\u00e9 par les studios d&#8217;architecture Bur\u00f34 et Gabriel VerdEl.<\/p>\n<p>Ses espaces communs innovants visent \u00e0 promouvoir leur d\u00e9veloppement intellectuel et personnel, en essayant de promouvoir la coexistence et les espaces de d\u00e9bat. Les \u00e9tudiants pourront profiter de salles d&#8217;\u00e9tude ouvertes 24h\/24 et 7j\/7, d&#8217;une salle de cin\u00e9ma, d&#8217;une salle de sport ouverte 24h\/24, d&#8217;une piscine dans les combles de l&#8217;immeuble et d&#8217;un parking.<\/p>\n<p>Prestations de service? Yugo Bermejales dispose d&#8217;une r\u00e9ception de messagerie, d&#8217;un service de conciergerie 24h \/ 24, d&#8217;un service de nettoyage des chambres, d&#8217;un service d&#8217;entretien, d&#8217;une \u00e9quipe de professionnels engag\u00e9s \u00e0 aider les \u00e9tudiants \u00e0 tout moment et d&#8217;un plan d&#8217;activit\u00e9s comprenant des ateliers pour \u00e9largir la formation acad\u00e9mique et promouvoir des modes de vie sains.<\/p>\n<p>Christopher Holloway, directeur mondial du d\u00e9veloppement commercial chez Yugo, a comment\u00e9 le projet : \u00ab Nous sommes ravis d&#8217;avoir ajout\u00e9 notre premi\u00e8re r\u00e9sidence \u00e0 S\u00e9ville \u00e0 notre liste croissante d&#8217;espaces en vedette au sein de Yugo. Ce bel \u00e9difice favorise la communaut\u00e9 autour de sa cour int\u00e9rieure savamment con\u00e7ue pour le bien-\u00eatre des \u00e9tudiants de ce quartier historique d&#8217;Espagne. Y cuenta con el 60 por ciento del espacio construido utilizando t\u00e9cnicas sostenibles, contribuyendo a una menor huella de carbono, a la conservaci\u00f3n del agua y la energ\u00eda y a la reducci\u00f3n de residuos, lo que se alinea perfectamente con la misi\u00f3n de Yugo de actuar responsablemente hacia la plan\u00e8te&#8221;.<\/p>\n<p>Max Eldon-Edington, Asset Manager Alternative Investments chez Urbania, \u00e9value la collaboration avec Yugo comme suit : \u00ab Nous sommes ravis d&#8217;avoir choisi Yugo comme op\u00e9rateur de notre actif et appr\u00e9cions la r\u00e9activit\u00e9 de toute leur \u00e9quipe. L&#8217;engagement d&#8217;Urbania envers la durabilit\u00e9 fournira aux r\u00e9sidents de Yugo Bermejales des installations de premi\u00e8re classe qui faciliteront leur exp\u00e9rience d&#8217;apprentissage tout au long de leur parcours \u00e9ducatif. Cette vision commune nous a permis de collaborer \u00e9troitement avec Yugo et de positionner cette r\u00e9sidence comme l&#8217;un des meilleurs programmes PBSA \u00e0 S\u00e9ville.<\/p>\n<\/p>\n<p><\/span><\/span><\/p>\n","protected":false},"excerpt":{"rendered":"<p>Yugo ajoute deux r\u00e9sidences \u00e9tudiantes : Bermejales (S\u00e9ville) et Yugo Coliseo Europa (Villaviciosa de Od\u00f3n)La r\u00e9sidence \u00e9tudiante Bermejales (S\u00e9ville) compte 242 chambres et la r\u00e9sidence \u00e9tudiante Yugo Coliseo Europea (Villaviciosa de Od\u00f3n) compte 406 autres chambres.Actualit\u00e9s Brainsre15\/11\/2022Yugo Coliseo Europea, nouvelle r\u00e9sidence \u00e9tudiante \u00e0 Villaviciosa de Od\u00f3n, \u00e0 c\u00f4t\u00e9 de l&#8217;Universit\u00e9 europ\u00e9enne de Madrid.Yugo Coliseo Europea, [&hellip;]<\/p>\n","protected":false},"author":13,"featured_media":25621,"comment_status":"open","ping_status":"closed","sticky":false,"template":"","format":"standard","meta":{"om_disable_all_campaigns":false,"_monsterinsights_skip_tracking":false,"_monsterinsights_sitenote_active":false,"_monsterinsights_sitenote_note":"","_monsterinsights_sitenote_category":0,"_uf_show_specific_survey":0,"_uf_disable_surveys":false,"footnotes":""},"categories":[212],"tags":[],"class_list":["post-69533","post","type-post","status-publish","format-standard","has-post-thumbnail","hentry","category-breaking-news"],"acf":[],"_links":{"self":[{"href":"https:\/\/immo.lecourrier.es\/index.php\/wp-json\/wp\/v2\/posts\/69533","targetHints":{"allow":["GET"]}}],"collection":[{"href":"https:\/\/immo.lecourrier.es\/index.php\/wp-json\/wp\/v2\/posts"}],"about":[{"href":"https:\/\/immo.lecourrier.es\/index.php\/wp-json\/wp\/v2\/types\/post"}],"author":[{"embeddable":true,"href":"https:\/\/immo.lecourrier.es\/index.php\/wp-json\/wp\/v2\/users\/13"}],"replies":[{"embeddable":true,"href":"https:\/\/immo.lecourrier.es\/index.php\/wp-json\/wp\/v2\/comments?post=69533"}],"version-history":[{"count":0,"href":"https:\/\/immo.lecourrier.es\/index.php\/wp-json\/wp\/v2\/posts\/69533\/revisions"}],"wp:featuredmedia":[{"embeddable":true,"href":"https:\/\/immo.lecourrier.es\/index.php\/wp-json\/wp\/v2\/media\/25621"}],"wp:attachment":[{"href":"https:\/\/immo.lecourrier.es\/index.php\/wp-json\/wp\/v2\/media?parent=69533"}],"wp:term":[{"taxonomy":"category","embeddable":true,"href":"https:\/\/immo.lecourrier.es\/index.php\/wp-json\/wp\/v2\/categories?post=69533"},{"taxonomy":"post_tag","embeddable":true,"href":"https:\/\/immo.lecourrier.es\/index.php\/wp-json\/wp\/v2\/tags?post=69533"}],"curies":[{"name":"wp","href":"https:\/\/api.w.org\/{rel}","templated":true}]}}