{"id":69528,"date":"2026-03-09T00:47:55","date_gmt":"2026-03-09T00:47:55","guid":{"rendered":"https:\/\/immo.lecourrier.es\/index.php\/2026\/03\/09\/le-plus-grand-immeuble-flexible-despagne-arrive-a-madrid-pour-aider-les-jeunes-et-les-celibataires-2\/"},"modified":"2026-04-25T08:30:12","modified_gmt":"2026-04-25T08:30:12","slug":"le-plus-grand-immeuble-flexible-despagne-arrive-a-madrid-pour-aider-les-jeunes-et-les-celibataires-2","status":"publish","type":"post","link":"https:\/\/immo.lecourrier.es\/index.php\/2026\/03\/09\/le-plus-grand-immeuble-flexible-despagne-arrive-a-madrid-pour-aider-les-jeunes-et-les-celibataires-2\/","title":{"rendered":"Le plus grand immeuble flexible d&#8217;Espagne arrive \u00e0 Madrid pour aider les jeunes et les c\u00e9libataires"},"content":{"rendered":"<p><span dir=\"auto\" style=\"vertical-align: inherit\"><span dir=\"auto\" style=\"vertical-align: inherit\"><\/p>\n<p>Auteurs @Carlos Lospitao @Jone Ibabe<br \/>16 novembre 2022, 6:00<\/p>\n<p>Be Casa Rivas ouvrira ses portes d\u00e9but d\u00e9cembre pour accueillir les premiers locataires de ses appartements flexibles ou &#8216;serviced apartments&#8217;. Il s&#8217;agit d&#8217;un actif situ\u00e9 \u00e0 Rivas-Vaciamadrid (Madrid), qui a re\u00e7u un investissement de 85 millions d&#8217;euros, qui a abouti \u00e0 un immeuble de 843 appartements avec une multitude de commodit\u00e9s. Parmi les services, se distinguent deux gymnases (un couvert et un non couvert), une piscine, un toit pour les \u00e9v\u00e9nements, une laverie pour les animaux ou une salle pour les \u00e9v\u00e9nements. Les prix varient de 700 euros pour les studios \u00e0 1 000\/1 100 euros pour les appartements avec deux chambres et deux salles de bains. A noter que toutes les fournitures (eau, \u00e9lectricit\u00e9, internet\u2026) sont incluses dans ce montant, c&#8217;est-\u00e0-dire qu&#8217;il s&#8217;agit d&#8217;un forfait.<\/p>\n<p>\u00ab La soci\u00e9t\u00e9 a vraiment \u00e9volu\u00e9 et chang\u00e9. Il y a deux groupes fondamentaux qui n&#8217;ont pas \u00e9t\u00e9 suffisamment bien servis. L&#8217;un, ce sont les jeunes, qui n&#8217;ont pas pu s&#8217;\u00e9manciper parce qu&#8217;ils n&#8217;ont rien trouv\u00e9, sauf la colocation, qui n&#8217;est pas tr\u00e8s agr\u00e9able \u00e0 vivre. Et puis il y a aussi un groupe tr\u00e8s important d&#8217;adultes s\u00e9par\u00e9s, divorc\u00e9s\u2026 qui vivent seuls et n&#8217;ont pas non plus un espace suffisant pour leurs besoins. Donc ce b\u00e2timent a eu un \u00e9norme succ\u00e8s car il r\u00e9pond aux besoins de tous ces groupes sociaux. La r\u00e9alit\u00e9 est qu&#8217;ils n&#8217;ont pas besoin d&#8217;un programme de logement traditionnel, mais plut\u00f4t d&#8217;un programme comme celui que nous offrons\u00bb, affirme Jos\u00e9 Parra, fondateur d&#8217;Idealar Soluciones et architecte de ce d\u00e9veloppement.<\/p>\n<figure class=\"wp-block-image size-large\"><img decoding=\"async\" src=\"https:\/\/immo.lecourrier.es\/wp-content\/uploads\/2024\/04\/becasa_01-1024x535.jpg\"><\/figure>\n<p><strong>Un investissement de 85 millions d&#8217;euros<\/strong><br \/>Le projet est dirig\u00e9 par Momentum Real Estate, qui est le premier acteur du march\u00e9 \u00e0 parier sur un produit aussi innovant dans l&#8217;immobilier. \u00ab L&#8217;investissement a \u00e9t\u00e9 de pr\u00e8s de 85 millions d&#8217;euros entre la construction et l&#8217;achat du terrain. Nous avons commenc\u00e9 ce d\u00e9veloppement il y a deux ans et la date de livraison du b\u00e2timent\/inauguration est pr\u00e9vue pour la fin de ce mois de novembre. Nous attendons les derni\u00e8res connexions \u00e9lectriques et les d\u00e9tails et nous esp\u00e9rons qu&#8217;il sera op\u00e9rationnel \u00e0 partir de d\u00e9cembre \u00bb, a d\u00e9clar\u00e9 \u00e0 idealista\/news Ignacio Pareja, PDG de Momentum Real Estate.<\/p>\n<p>De la part de l&#8217;entreprise, ils expliquent ce concept d&#8217;appartements flexibles ou \u00abappartements avec services\u00bb et soulignent le r\u00f4le pertinent qu&#8217;ils peuvent d\u00e9sormais avoir au sein du secteur. \u00ab Il s&#8217;agit d&#8217;un h\u00f4tel-appartement d&#8217;un point de vue formel et juridique. Mais d&#8217;un point de vue commercial, il s&#8217;agit d&#8217;un immeuble d&#8217;appartements avec services, qui est une classe qui est incluse dans le &#8216;vivant&#8217;, bien qu&#8217;il ne s&#8217;agisse pas d&#8217;un &#8216;vivant&#8217; tel que nous le comprenons en Espagne, li\u00e9 \u00e0 un usage r\u00e9sidentiel. La v\u00e9rit\u00e9 est qu&#8217;il s&#8217;agit d&#8217;un h\u00f4tel de moyen s\u00e9jour, d&#8217;h\u00e9bergement temporaire ou d&#8217;h\u00e9bergement flexible ax\u00e9 sur un public qui recherche des s\u00e9jours de moyen terme et ne trouve pas d&#8217;offre ad\u00e9quate ni dans le monde de l&#8217;h\u00f4tellerie de court s\u00e9jour ni dans celui de la longue dur\u00e9e. -locations \u00e0 terme. Ces projets sont construits sur des sols tertiaires et utilis\u00e9s pour l&#8217;h\u00e9bergement \u00bb, explique Pareja.<\/p>\n<figure class=\"wp-block-image size-large\"><img decoding=\"async\" src=\"https:\/\/immo.lecourrier.es\/wp-content\/uploads\/2024\/04\/becasa_03-1024x535.jpg\"><\/figure>\n<p>Au sein du complexe, il existe trois types d&#8217;appartements : la grande majorit\u00e9 (entre 70% et 80%) sont des studios, bien qu&#8217;il existe \u00e9galement des appartements d&#8217;une et deux chambres. Quant aux tarifs \u00e9tablis par l&#8217;op\u00e9rateur (Greystar sous l&#8217;enseigne Be Casa), les studios se d\u00e9marquent de 700 euros \u00e0 1 000\/1 100 euros pour ceux de deux chambres. &#8220;Ces prix incluent toujours la TVA pour l&#8217;h\u00e9bergement \u00e0 l&#8217;h\u00f4tel et tous les services d&#8217;\u00e9lectricit\u00e9, de Wi-Fi, de gaz et, bien s\u00fbr, toutes les&#8221; commodit\u00e9s &#8220;dont le complexe dispose&#8221;, explique le PDG de Momentum Real Estate.<\/p>\n<p>Le \u00ab p\u00e8re \u00bb de cet immeuble, l&#8217;architecte Jos\u00e9 Parra raconte les d\u00e9fis qu&#8217;a pos\u00e9s le d\u00e9veloppement de ces 843 appartements modulables. \u00ab Le premier d\u00e9fi a \u00e9t\u00e9 toute la question de la gestion urbaine, des licences, des permis\u2026 car \u00e9tant un nouveau concept qui ne rentre pas directement dans la gamme des logements, c&#8217;est plut\u00f4t un b\u00e2timent tertiaire, puisqu&#8217;il a fallu coupler et agencer tous cette id\u00e9e dans cette r\u00e9glementation municipale, r\u00e9gionale, sectorielle\u2026 La seconde a \u00e0 voir avec la taille, car c&#8217;est un tr\u00e8s grand b\u00e2timent et au niveau de la conception nous avons d\u00fb all\u00e9ger les fa\u00e7ades, par exemple, pour qu&#8217;elles ne soient pas trop lourd. C&#8217;est pourquoi nous avons regroup\u00e9, comme vous pouvez le voir sur les images, deux \u00e9tages en un visuellement afin qu&#8217;il ne ressemble pas \u00e0 un &#8220;Titanic&#8221;. Et le troisi\u00e8me d\u00e9fi a \u00e9t\u00e9 toute la question des am\u00e9nagements de ce b\u00e2timent : climatisation, chauffage\u2026 car il est complexe de tout int\u00e9grer dans un b\u00e2timent avec ces caract\u00e9ristiques et que cela fonctionne bien \u00bb, explique l&#8217;architecte.<\/p>\n<figure class=\"wp-block-image size-large\"><img decoding=\"async\" src=\"https:\/\/immo.lecourrier.es\/wp-content\/uploads\/2024\/04\/becasa_11-1024x535.jpg\"><\/figure>\n<p><\/span><\/span><\/p>\n","protected":false},"excerpt":{"rendered":"<p>Auteurs @Carlos Lospitao @Jone Ibabe16 novembre 2022, 6:00 Be Casa Rivas ouvrira ses portes d\u00e9but d\u00e9cembre pour accueillir les premiers locataires de ses appartements flexibles ou &#8216;serviced apartments&#8217;. Il s&#8217;agit d&#8217;un actif situ\u00e9 \u00e0 Rivas-Vaciamadrid (Madrid), qui a re\u00e7u un investissement de 85 millions d&#8217;euros, qui a abouti \u00e0 un immeuble de 843 appartements avec [&hellip;]<\/p>\n","protected":false},"author":13,"featured_media":25609,"comment_status":"open","ping_status":"closed","sticky":false,"template":"","format":"standard","meta":{"om_disable_all_campaigns":false,"_monsterinsights_skip_tracking":false,"_monsterinsights_sitenote_active":false,"_monsterinsights_sitenote_note":"","_monsterinsights_sitenote_category":0,"_uf_show_specific_survey":0,"_uf_disable_surveys":false,"footnotes":""},"categories":[212],"tags":[],"class_list":["post-69528","post","type-post","status-publish","format-standard","has-post-thumbnail","hentry","category-breaking-news"],"acf":[],"_links":{"self":[{"href":"https:\/\/immo.lecourrier.es\/index.php\/wp-json\/wp\/v2\/posts\/69528","targetHints":{"allow":["GET"]}}],"collection":[{"href":"https:\/\/immo.lecourrier.es\/index.php\/wp-json\/wp\/v2\/posts"}],"about":[{"href":"https:\/\/immo.lecourrier.es\/index.php\/wp-json\/wp\/v2\/types\/post"}],"author":[{"embeddable":true,"href":"https:\/\/immo.lecourrier.es\/index.php\/wp-json\/wp\/v2\/users\/13"}],"replies":[{"embeddable":true,"href":"https:\/\/immo.lecourrier.es\/index.php\/wp-json\/wp\/v2\/comments?post=69528"}],"version-history":[{"count":0,"href":"https:\/\/immo.lecourrier.es\/index.php\/wp-json\/wp\/v2\/posts\/69528\/revisions"}],"wp:featuredmedia":[{"embeddable":true,"href":"https:\/\/immo.lecourrier.es\/index.php\/wp-json\/wp\/v2\/media\/25609"}],"wp:attachment":[{"href":"https:\/\/immo.lecourrier.es\/index.php\/wp-json\/wp\/v2\/media?parent=69528"}],"wp:term":[{"taxonomy":"category","embeddable":true,"href":"https:\/\/immo.lecourrier.es\/index.php\/wp-json\/wp\/v2\/categories?post=69528"},{"taxonomy":"post_tag","embeddable":true,"href":"https:\/\/immo.lecourrier.es\/index.php\/wp-json\/wp\/v2\/tags?post=69528"}],"curies":[{"name":"wp","href":"https:\/\/api.w.org\/{rel}","templated":true}]}}