{"id":69518,"date":"2026-03-09T00:42:41","date_gmt":"2026-03-09T00:42:41","guid":{"rendered":"https:\/\/immo.lecourrier.es\/index.php\/2026\/03\/09\/iryo-le-nouveau-train-a-grande-vitesse-espagnol-arrive-a-barcelona-et-valencia-2\/"},"modified":"2026-04-25T08:25:09","modified_gmt":"2026-04-25T08:25:09","slug":"iryo-le-nouveau-train-a-grande-vitesse-espagnol-arrive-a-barcelona-et-valencia-2","status":"publish","type":"post","link":"https:\/\/immo.lecourrier.es\/index.php\/2026\/03\/09\/iryo-le-nouveau-train-a-grande-vitesse-espagnol-arrive-a-barcelona-et-valencia-2\/","title":{"rendered":"Iryo, le nouveau train \u00e0 grande vitesse espagnol arrive \u00e0 Barcelona et \u00a0Valencia"},"content":{"rendered":"<p><span dir=\"auto\" style=\"vertical-align: inherit\"><span dir=\"auto\" style=\"vertical-align: inherit\"><\/p>\n<p>La derni\u00e8re-n\u00e9e des compagnies proposant des liaisons&nbsp;ferroviaires&nbsp;\u00e0 grande vitesse arrive et lance sa billetterie\u2026&nbsp;Apr\u00e8s&nbsp;Renfe&nbsp;(avec AVE et&nbsp;AVLO)&nbsp;et la SNCF&nbsp;(avec&nbsp;Ouigo), qui op\u00e8re \u00e0 Valencia depuis le 7 octobre, voici donc un troisi\u00e8me op\u00e9rateur,&nbsp;Iryo, entreprise dont le capital est&nbsp;d\u00e9tenu&nbsp;par la compagnie a\u00e9rienne Air&nbsp;Nostrum,&nbsp;Globalvia&nbsp;et l\u2019entreprise publique italienne&nbsp;Trenitalia.<\/p>\n<p>Lundi dernier a&nbsp;eu&nbsp;lieu le premier voyage inaugural entre Madrid et Valencia, un trajet d\u20191 h 40 auquel a particip\u00e9 la ministre des Transports, Raquel&nbsp;S\u00e1nchez, le pr\u00e9sident de la&nbsp;Generalitat&nbsp;Valenciana,&nbsp;Ximo&nbsp;Puig, le pr\u00e9sident d\u2019Iryo&nbsp;et d\u2019Air&nbsp;Nostrum, Carlos&nbsp;Bertomeu, ainsi qu\u2019un nombre important de personnalit\u00e9s.&nbsp;Lors&nbsp;de cette c\u00e9r\u00e9monie de lancement, le pr\u00e9sident d\u2019Iryo&nbsp;a d\u00e9clar\u00e9 qu\u2019 il s\u2019agissait \u201d d\u2019 un grand jour pour le processus de lib\u00e9ralisation espagnol et pour l\u2019intermodalit\u00e9\u201d soulignant que \u201cla&nbsp;flecha&nbsp;roja\u201d est le train \u201cle plus moderne, le plus rapide, le plus confortable et le plus performant d\u2019Espagne\u201d.&nbsp;Le ministre des Transports a soulign\u00e9 pour sa part, que \u201d la grande vitesse perd son caract\u00e8re \u00e9litiste et se d\u00e9mocratise\u201d&nbsp;insistant sur le fait, que la grande vitesse relie d\u00e9j\u00e0 70 % de la population espagnole et d\u00e9passera les 4 000 kilom\u00e8tres de lignes avant la fin de l\u2019ann\u00e9e, lorsque d\u00e9butera le service vers&nbsp;Murcia.<\/p>\n<p>Mise en service vendredi<\/p>\n<p>Iryo&nbsp;commence ses op\u00e9rations commerciales demain vendredi avec la liaison entre Madrid,&nbsp;Zaragoza&nbsp;et&nbsp;Barcelona&nbsp;;&nbsp;le 16&nbsp;d\u00e9cembre, le&nbsp;Valencia-Madrid&nbsp;commence avec 16 trains quotidiens et des billets&nbsp;(\u00e0 partir de 18 euros)&nbsp;d\u00e9j\u00e0 mis en vente.<\/p>\n<p>Le 31 mars 2023, les correspondances avec&nbsp;Sevilla, Malaga,&nbsp;Antequera&nbsp;et C\u00f3rdoba d\u00e9buteront et enfin, le 2 juin prochain, Alicante et&nbsp;Albacete&nbsp;seront desservies avec quatre trains par jour.<\/p>\n<p>\u00c0&nbsp;moyen terme,&nbsp;Iryo&nbsp;souhaite exploiter&nbsp;30 %&nbsp;des liaisons \u00e0 grande vitesse en Espagne avec 8 millions de passagers.<\/p>\n<p>Le d\u00e9veloppement des infrastructures \u00e0 grande vitesse en Espagne, surtout depuis les ann\u00e9es 1990, et la construction d\u2019\u00e9quipements ferroviaires permet \u00e0 l\u2019Espagne d\u2019exporter son savoir-faire vers la Turquie et l\u2019Arabie Saoudite, et de susciter l\u2019int\u00e9r\u00eat de plusieurs autres pays, comme les \u00c9tats-Unis.<\/p>\n<\/p>\n<p class=\"has-text-align-right\">Laurence Lemoine<\/p>\n<p class=\"has-text-align-right\"><a href=\"https:\/\/www.valencia-expat-services.com\/\">Valencia Expat services<\/a><\/p>\n<p><a href=\"http:\/\/www.madrid-expat-services.com\/\">Madrid<\/a>&nbsp;<a href=\"https:\/\/barcelona-expat-services.es\/fr\/\">Barcelone<\/a>&nbsp;<a href=\"http:\/\/www.javea-denia-expat-services.com\/\">Javea-Denia<\/a><\/p>\n<p><\/span><\/span><\/p>\n","protected":false},"excerpt":{"rendered":"<p>La derni\u00e8re-n\u00e9e des compagnies proposant des liaisons&nbsp;ferroviaires&nbsp;\u00e0 grande vitesse arrive et lance sa billetterie\u2026&nbsp;Apr\u00e8s&nbsp;Renfe&nbsp;(avec AVE et&nbsp;AVLO)&nbsp;et la SNCF&nbsp;(avec&nbsp;Ouigo), qui op\u00e8re \u00e0 Valencia depuis le 7 octobre, voici donc un troisi\u00e8me op\u00e9rateur,&nbsp;Iryo, entreprise dont le capital est&nbsp;d\u00e9tenu&nbsp;par la compagnie a\u00e9rienne Air&nbsp;Nostrum,&nbsp;Globalvia&nbsp;et l\u2019entreprise publique italienne&nbsp;Trenitalia. Lundi dernier a&nbsp;eu&nbsp;lieu le premier voyage inaugural entre Madrid et Valencia, un [&hellip;]<\/p>\n","protected":false},"author":13,"featured_media":25572,"comment_status":"open","ping_status":"closed","sticky":false,"template":"","format":"standard","meta":{"om_disable_all_campaigns":false,"_monsterinsights_skip_tracking":false,"_monsterinsights_sitenote_active":false,"_monsterinsights_sitenote_note":"","_monsterinsights_sitenote_category":0,"_uf_show_specific_survey":0,"_uf_disable_surveys":false,"footnotes":""},"categories":[212],"tags":[],"class_list":["post-69518","post","type-post","status-publish","format-standard","has-post-thumbnail","hentry","category-breaking-news"],"acf":[],"_links":{"self":[{"href":"https:\/\/immo.lecourrier.es\/index.php\/wp-json\/wp\/v2\/posts\/69518","targetHints":{"allow":["GET"]}}],"collection":[{"href":"https:\/\/immo.lecourrier.es\/index.php\/wp-json\/wp\/v2\/posts"}],"about":[{"href":"https:\/\/immo.lecourrier.es\/index.php\/wp-json\/wp\/v2\/types\/post"}],"author":[{"embeddable":true,"href":"https:\/\/immo.lecourrier.es\/index.php\/wp-json\/wp\/v2\/users\/13"}],"replies":[{"embeddable":true,"href":"https:\/\/immo.lecourrier.es\/index.php\/wp-json\/wp\/v2\/comments?post=69518"}],"version-history":[{"count":0,"href":"https:\/\/immo.lecourrier.es\/index.php\/wp-json\/wp\/v2\/posts\/69518\/revisions"}],"wp:featuredmedia":[{"embeddable":true,"href":"https:\/\/immo.lecourrier.es\/index.php\/wp-json\/wp\/v2\/media\/25572"}],"wp:attachment":[{"href":"https:\/\/immo.lecourrier.es\/index.php\/wp-json\/wp\/v2\/media?parent=69518"}],"wp:term":[{"taxonomy":"category","embeddable":true,"href":"https:\/\/immo.lecourrier.es\/index.php\/wp-json\/wp\/v2\/categories?post=69518"},{"taxonomy":"post_tag","embeddable":true,"href":"https:\/\/immo.lecourrier.es\/index.php\/wp-json\/wp\/v2\/tags?post=69518"}],"curies":[{"name":"wp","href":"https:\/\/api.w.org\/{rel}","templated":true}]}}