{"id":69515,"date":"2026-03-09T00:38:32","date_gmt":"2026-03-09T00:38:32","guid":{"rendered":"https:\/\/immo.lecourrier.es\/index.php\/2026\/03\/09\/aparto-ouvre-sa-premiere-residence-etudiante-pour-le-marche-espagnol-2\/"},"modified":"2026-04-25T08:20:11","modified_gmt":"2026-04-25T08:20:11","slug":"aparto-ouvre-sa-premiere-residence-etudiante-pour-le-marche-espagnol-2","status":"publish","type":"post","link":"https:\/\/immo.lecourrier.es\/index.php\/2026\/03\/09\/aparto-ouvre-sa-premiere-residence-etudiante-pour-le-marche-espagnol-2\/","title":{"rendered":"Aparto ouvre sa premi\u00e8re r\u00e9sidence \u00e9tudiante pour le march\u00e9 espagnol"},"content":{"rendered":"<p><span dir=\"auto\" style=\"vertical-align: inherit\"><span dir=\"auto\" style=\"vertical-align: inherit\"><\/p>\n<p>La plateforme Hines exploitera un complexe d\u00e9tenu par un fonds Commerz Real dans le quartier 22@, \u00e0 Barcelone, qui disposera de 743 places de parking dans un immeuble de 26 000 m\u00e8tres carr\u00e9s<\/p>\n<p>plateforme de r\u00e9sidences \u00e9tudiantes Hines a inaugur\u00e9 son premier \u00e9tablissement en Espagne dans le quartier 22@ de Barcelone, comme l&#8217;a rapport\u00e9 l&#8217;entreprise \u00e0 travers un communiqu\u00e9. L&#8217;Apartamento Barcelona Pallars, propri\u00e9t\u00e9 de l&#8217;agence immobili\u00e8re Commerz Real, a une capacit\u00e9 de 743 lits qui comprend des chambres simples avec salle de bain priv\u00e9e, des chambres doubles et des studios. <\/p>\n<p>D&#8217;une superficie totale de 26 000 m\u00e8tres carr\u00e9s, la r\u00e9sidence dispose d&#8217;une grande vari\u00e9t\u00e9 d&#8217;installations ; dont plus de 3 000 m\u00e8tres carr\u00e9s ext\u00e9rieurs, avec une piscine de plus de quarante m\u00e8tres de long, une terrasse sur le toit avec un jardin et deux autres jardins. <\/p>\n<p>Il dispose \u00e9galement d&#8217;installations sportives de plein air, telles que des terrains de basket et de football, et d&#8217;un amphith\u00e9\u00e2tre pouvant accueillir des pr\u00e9sentations, des concerts ou des soir\u00e9es cin\u00e9ma. En ce qui concerne l&#8217;int\u00e9rieur du b\u00e2timent, plus de 2 000 m\u00e8tres carr\u00e9s sont d\u00e9di\u00e9s aux espaces communs, avec une salle de sport, des salles de yoga, un cin\u00e9ma, un bureau, un th\u00e9\u00e2tre, des aires de jeux et un bar. <\/p>\n<p>Le march\u00e9 espagnol accuse un d\u00e9ficit de 12.000 places en r\u00e9sidences \u00e9tudiantes &#8220;Avec cette ouverture, Hines entend satisfaire l&#8217;int\u00e9r\u00eat de Barcelone, qui ne peut actuellement r\u00e9pondre \u00e0 la demande, estim\u00e9e \u00e0 186.000 lits sur 22.000 disponibles&#8221;, selon Vanessa Gelado, directeur g\u00e9n\u00e9ral de Hines en Espagne. <\/p>\n<p>Aparto est la plateforme de logement pour les \u00e9tudiants de Hines. Elle dispose de 16 centres op\u00e9rationnels en Irlande, en Italie et au Royaume-Uni, en plus de ce dernier complexe qui vient d&#8217;ouvrir en Espagne. L&#8217;offre de places en Espagne dans le groupe de r\u00e9sidences \u00e9tudiantes s&#8217;\u00e9l\u00e8ve \u00e0 94 412, en plus de 18 000 lits suppl\u00e9mentaires actuellement en cours de d\u00e9veloppement et de construction et qui entreront en service dans les prochains trimestres. <\/p>\n<p>Madrid rassemble pr\u00e8s de 15 % de l&#8217;offre, suivie de Barcelone avec un peu plus de 10 % et, en troisi\u00e8me position, de S\u00e9ville avec 7,6 %. Les donn\u00e9es d&#8217;Atlas Real Estate Analytics indiquent un d\u00e9ficit de 12 000 places (au-del\u00e0 du pipeline de 18 000 lits) dans les r\u00e9sidences \u00e9tudiantes en Espagne, mais pas sur les grands march\u00e9s comme Madrid, Barcelone ou Valence. Ainsi, les grands besoins non satisfaits se trouvent \u00e0 G\u00e9rone, Ja\u00e9n, Castell\u00f3n, Almer\u00eda, Vigo, Cadix ou Murcie.<\/p>\n<p><\/span><\/span><\/p>\n","protected":false},"excerpt":{"rendered":"<p>La plateforme Hines exploitera un complexe d\u00e9tenu par un fonds Commerz Real dans le quartier 22@, \u00e0 Barcelone, qui disposera de 743 places de parking dans un immeuble de 26 000 m\u00e8tres carr\u00e9s plateforme de r\u00e9sidences \u00e9tudiantes Hines a inaugur\u00e9 son premier \u00e9tablissement en Espagne dans le quartier 22@ de Barcelone, comme l&#8217;a rapport\u00e9 l&#8217;entreprise [&hellip;]<\/p>\n","protected":false},"author":13,"featured_media":25563,"comment_status":"open","ping_status":"closed","sticky":false,"template":"","format":"standard","meta":{"om_disable_all_campaigns":false,"_monsterinsights_skip_tracking":false,"_monsterinsights_sitenote_active":false,"_monsterinsights_sitenote_note":"","_monsterinsights_sitenote_category":0,"_uf_show_specific_survey":0,"_uf_disable_surveys":false,"footnotes":""},"categories":[212,4506],"tags":[],"class_list":["post-69515","post","type-post","status-publish","format-standard","has-post-thumbnail","hentry","category-breaking-news","category-projets-immo"],"acf":[],"_links":{"self":[{"href":"https:\/\/immo.lecourrier.es\/index.php\/wp-json\/wp\/v2\/posts\/69515","targetHints":{"allow":["GET"]}}],"collection":[{"href":"https:\/\/immo.lecourrier.es\/index.php\/wp-json\/wp\/v2\/posts"}],"about":[{"href":"https:\/\/immo.lecourrier.es\/index.php\/wp-json\/wp\/v2\/types\/post"}],"author":[{"embeddable":true,"href":"https:\/\/immo.lecourrier.es\/index.php\/wp-json\/wp\/v2\/users\/13"}],"replies":[{"embeddable":true,"href":"https:\/\/immo.lecourrier.es\/index.php\/wp-json\/wp\/v2\/comments?post=69515"}],"version-history":[{"count":0,"href":"https:\/\/immo.lecourrier.es\/index.php\/wp-json\/wp\/v2\/posts\/69515\/revisions"}],"wp:featuredmedia":[{"embeddable":true,"href":"https:\/\/immo.lecourrier.es\/index.php\/wp-json\/wp\/v2\/media\/25563"}],"wp:attachment":[{"href":"https:\/\/immo.lecourrier.es\/index.php\/wp-json\/wp\/v2\/media?parent=69515"}],"wp:term":[{"taxonomy":"category","embeddable":true,"href":"https:\/\/immo.lecourrier.es\/index.php\/wp-json\/wp\/v2\/categories?post=69515"},{"taxonomy":"post_tag","embeddable":true,"href":"https:\/\/immo.lecourrier.es\/index.php\/wp-json\/wp\/v2\/tags?post=69515"}],"curies":[{"name":"wp","href":"https:\/\/api.w.org\/{rel}","templated":true}]}}