{"id":69513,"date":"2026-03-09T00:38:17","date_gmt":"2026-03-09T00:38:17","guid":{"rendered":"https:\/\/immo.lecourrier.es\/index.php\/2026\/03\/09\/sept-routes-renforcent-la-connectivite-aerienne-de-minorque-cet-hiver-2\/"},"modified":"2026-04-25T08:20:08","modified_gmt":"2026-04-25T08:20:08","slug":"sept-routes-renforcent-la-connectivite-aerienne-de-minorque-cet-hiver-2","status":"publish","type":"post","link":"https:\/\/immo.lecourrier.es\/index.php\/2026\/03\/09\/sept-routes-renforcent-la-connectivite-aerienne-de-minorque-cet-hiver-2\/","title":{"rendered":"Sept routes renforcent la connectivit\u00e9 a\u00e9rienne de Minorque cet hiver"},"content":{"rendered":"<p><span dir=\"auto\" style=\"vertical-align: inherit\"><span dir=\"auto\" style=\"vertical-align: inherit\"><\/p>\n<p>Cinq compagnies a\u00e9riennes proposent cet hiver plusieurs liaisons a\u00e9riennes hebdomadaires vers l&#8217;\u00eele des Bal\u00e9ares depuis Madrid, Barcelone, Valence, Bilbao, Malaga, Palma de Majorque et Ibiza.<\/p>\n<p>26 novembre 2022<br \/>Minorque, l&#8217;une des principales destinations estivales, cherche \u00e9galement \u00e0 se positionner comme une destination phare pour les escapades hivernales. Le Consell Insular de Menorca et la Fundaci\u00f3 Foment del Turisme de Menorca ont choisi d&#8217;encourager la connectivit\u00e9 a\u00e9rienne sur l&#8217;\u00eele des Bal\u00e9ares avec des vols hebdomadaires directs vers les principales capitales et villes espagnoles et vers les autres \u00eeles de l&#8217;archipel, Majorque et Ibiza.<\/p>\n<p>Le Consell Insular et Foment del Turisme s&#8217;engagent pour l&#8217;offre vari\u00e9e en tant que destination hivernale \u00e0 Minorque, avec des temp\u00e9ratures douces, des randonn\u00e9es \u00e0 pied ou \u00e0 v\u00e9lo, des villes charmantes, une cuisine locale, sa durabilit\u00e9 environnementale en tant que r\u00e9serve de biosph\u00e8re depuis trois d\u00e9cennies et sa culture talayotique, unique dans le monde, candidat au patrimoine mondial, entre autres.<\/p>\n<p><strong>Les sept routes directes<\/strong><br \/>Cinq compagnies a\u00e9riennes proposent cet hiver de multiples liaisons a\u00e9riennes hebdomadaires vers l&#8217;\u00eele des Bal\u00e9ares au d\u00e9part de Madrid, Barcelone, Valence, Bilbao, Malaga, Palma de Majorque et Ibiza.<\/p>\n<p><strong>Madrid<\/strong>. Air Nostrum propose une fr\u00e9quence quotidienne (aller-retour), soit deux vols quotidiens (14 hebdomadaires), entre la capitale espagnole et Minorque.<br \/><strong>Barcelone<\/strong>. Vueling op\u00e8re quatre vols quotidiens (sauf le vendredi) et cinq le dimanche ; et Ryanair cinq vols hebdomadaires (sauf mardi et mercredi).<br \/><strong>Palma de Majorque<\/strong>. Trois compagnies a\u00e9riennes op\u00e8rent 10 vols quotidiens les lundis, jeudis, vendredis et samedis ; et les mardis, mercredis et dimanches, neuf liaisons. Concr\u00e8tement, Air Nostrum propose 47 vols hebdomadaires, Air Europa 14 vols hebdomadaires et Uep Fly!, six vols hebdomadaires.<br \/><strong>Ibiza<\/strong>. L&#8217;une des nouveaut\u00e9s de cette saison, dans laquelle la soci\u00e9t\u00e9 bal\u00e9are Uep Fly! propose deux vols hebdomadaires : le vendredi et le dimanche.<br \/><strong>Valence<\/strong>. Air Nostrum op\u00e8re avec deux vols, les vendredis et dimanches.<br \/><strong>Bilbao<\/strong>. Vueling propose deux fr\u00e9quences hebdomadaires, le vendredi et le dimanche.<br \/><strong>M\u00e1laga<\/strong>. Une autre des nouveaut\u00e9s de cette saison, dans laquelle Ryanair propose deux vols hebdomadaires, les lundis et vendredis.<\/p>\n<p><\/span><\/span><\/p>\n","protected":false},"excerpt":{"rendered":"<p>Cinq compagnies a\u00e9riennes proposent cet hiver plusieurs liaisons a\u00e9riennes hebdomadaires vers l&#8217;\u00eele des Bal\u00e9ares depuis Madrid, Barcelone, Valence, Bilbao, Malaga, Palma de Majorque et Ibiza. 26 novembre 2022Minorque, l&#8217;une des principales destinations estivales, cherche \u00e9galement \u00e0 se positionner comme une destination phare pour les escapades hivernales. Le Consell Insular de Menorca et la Fundaci\u00f3 Foment [&hellip;]<\/p>\n","protected":false},"author":13,"featured_media":25556,"comment_status":"open","ping_status":"closed","sticky":false,"template":"","format":"standard","meta":{"om_disable_all_campaigns":false,"_monsterinsights_skip_tracking":false,"_monsterinsights_sitenote_active":false,"_monsterinsights_sitenote_note":"","_monsterinsights_sitenote_category":0,"_uf_show_specific_survey":0,"_uf_disable_surveys":false,"footnotes":""},"categories":[212],"tags":[],"class_list":["post-69513","post","type-post","status-publish","format-standard","has-post-thumbnail","hentry","category-breaking-news"],"acf":[],"_links":{"self":[{"href":"https:\/\/immo.lecourrier.es\/index.php\/wp-json\/wp\/v2\/posts\/69513","targetHints":{"allow":["GET"]}}],"collection":[{"href":"https:\/\/immo.lecourrier.es\/index.php\/wp-json\/wp\/v2\/posts"}],"about":[{"href":"https:\/\/immo.lecourrier.es\/index.php\/wp-json\/wp\/v2\/types\/post"}],"author":[{"embeddable":true,"href":"https:\/\/immo.lecourrier.es\/index.php\/wp-json\/wp\/v2\/users\/13"}],"replies":[{"embeddable":true,"href":"https:\/\/immo.lecourrier.es\/index.php\/wp-json\/wp\/v2\/comments?post=69513"}],"version-history":[{"count":0,"href":"https:\/\/immo.lecourrier.es\/index.php\/wp-json\/wp\/v2\/posts\/69513\/revisions"}],"wp:featuredmedia":[{"embeddable":true,"href":"https:\/\/immo.lecourrier.es\/index.php\/wp-json\/wp\/v2\/media\/25556"}],"wp:attachment":[{"href":"https:\/\/immo.lecourrier.es\/index.php\/wp-json\/wp\/v2\/media?parent=69513"}],"wp:term":[{"taxonomy":"category","embeddable":true,"href":"https:\/\/immo.lecourrier.es\/index.php\/wp-json\/wp\/v2\/categories?post=69513"},{"taxonomy":"post_tag","embeddable":true,"href":"https:\/\/immo.lecourrier.es\/index.php\/wp-json\/wp\/v2\/tags?post=69513"}],"curies":[{"name":"wp","href":"https:\/\/api.w.org\/{rel}","templated":true}]}}