{"id":69510,"date":"2026-03-09T00:32:14","date_gmt":"2026-03-09T00:32:14","guid":{"rendered":"https:\/\/immo.lecourrier.es\/index.php\/2026\/03\/09\/millennium-achete-un-terrain-pour-un-eco-resort-de-luxe-a-cadix-2\/"},"modified":"2026-04-25T08:15:10","modified_gmt":"2026-04-25T08:15:10","slug":"millennium-achete-un-terrain-pour-un-eco-resort-de-luxe-a-cadix-2","status":"publish","type":"post","link":"https:\/\/immo.lecourrier.es\/index.php\/2026\/03\/09\/millennium-achete-un-terrain-pour-un-eco-resort-de-luxe-a-cadix-2\/","title":{"rendered":"Millennium ach\u00e8te un terrain pour un \u00e9co-resort de luxe \u00e0 Cadix"},"content":{"rendered":"<p><span dir=\"auto\" style=\"vertical-align: inherit\"><span dir=\"auto\" style=\"vertical-align: inherit\"><\/p>\n<p>Millennium Hospitality a achet\u00e9 un terrain \u00e0 usage h\u00f4telier dans la municipalit\u00e9 d&#8217;El Palmar de Vejer de la Frontera (Cadix) pour 12 millions d&#8217;euros, pour le d\u00e9veloppement d&#8217;un \u00e9co-resort de luxe, a \u00e9t\u00e9 inform\u00e9 BME Growth.<\/p>\n<p>Le terrain \u00e0 usage h\u00f4telier en cours d&#8217;urbanisation a 66 592,55 m2 et une surface constructible de 23 842 m2. Le terrain est situ\u00e9 en bord de mer, surplombant l&#8217;oc\u00e9an Atlantique et est situ\u00e9 \u00e0 50 kilom\u00e8tres de la ville de Cadix et \u00e0 30 km de l&#8217;a\u00e9roport de Jerez de la Frontera.<\/p>\n<p>La socimi a indiqu\u00e9 que la transaction &#8220;a \u00e9t\u00e9 enti\u00e8rement r\u00e9alis\u00e9e avec ses propres ressources&#8221;<br \/>&#8220;L&#8217;incorporation de cet atout repr\u00e9sente un engagement clair \u00e0 cr\u00e9er une offre diff\u00e9rentielle de la plus haute qualit\u00e9 dans l&#8217;une des zones c\u00f4ti\u00e8res les plus embl\u00e9matiques qui existent en Espagne, et dans une zone qui r\u00e9pond \u00e0 toutes les exigences et avec un grand potentiel, comme la zone d&#8217;El Palmar, o\u00f9 se trouvent certaines des plages sauvages les plus impressionnantes du sud de l&#8217;Europe \u00bb, a d\u00e9clar\u00e9 Javier Ill\u00e1n, pr\u00e9sident de Millenium.<\/p>\n<p>Ill\u00e1n a affirm\u00e9 que l&#8217;emplacement de la parcelle &#8220;est parfait pour la mise en place d&#8217;un \u00e9co-resort de luxe o\u00f9 le bien-\u00eatre du corps et de l&#8217;\u00e2me sont combin\u00e9s, dans le m\u00eame style que l&#8217;on peut trouver en Tha\u00eflande, \u00e0 Bali et dans d&#8217;autres destinations asiatiques , mais rehauss\u00e9 d&#8217;idiosyncrasie et de saveurs locales \u00bb<br \/>Ces derniers mois, Millenium a r\u00e9alis\u00e9 d&#8217;importantes transactions et avec ce nouvel achat, il ajoute 13 actifs, tous situ\u00e9s dans les principales villes et zones touristiques espagnoles, pour une valeur approximative de 560 millions d&#8217;euros.<\/p>\n<\/p>\n<p><\/span><\/span><\/p>\n","protected":false},"excerpt":{"rendered":"<p>Millennium Hospitality a achet\u00e9 un terrain \u00e0 usage h\u00f4telier dans la municipalit\u00e9 d&#8217;El Palmar de Vejer de la Frontera (Cadix) pour 12 millions d&#8217;euros, pour le d\u00e9veloppement d&#8217;un \u00e9co-resort de luxe, a \u00e9t\u00e9 inform\u00e9 BME Growth. Le terrain \u00e0 usage h\u00f4telier en cours d&#8217;urbanisation a 66 592,55 m2 et une surface constructible de 23 842 [&hellip;]<\/p>\n","protected":false},"author":13,"featured_media":25547,"comment_status":"open","ping_status":"closed","sticky":false,"template":"","format":"standard","meta":{"om_disable_all_campaigns":false,"_monsterinsights_skip_tracking":false,"_monsterinsights_sitenote_active":false,"_monsterinsights_sitenote_note":"","_monsterinsights_sitenote_category":0,"_uf_show_specific_survey":0,"_uf_disable_surveys":false,"footnotes":""},"categories":[212,4506],"tags":[],"class_list":["post-69510","post","type-post","status-publish","format-standard","has-post-thumbnail","hentry","category-breaking-news","category-projets-immo"],"acf":[],"_links":{"self":[{"href":"https:\/\/immo.lecourrier.es\/index.php\/wp-json\/wp\/v2\/posts\/69510","targetHints":{"allow":["GET"]}}],"collection":[{"href":"https:\/\/immo.lecourrier.es\/index.php\/wp-json\/wp\/v2\/posts"}],"about":[{"href":"https:\/\/immo.lecourrier.es\/index.php\/wp-json\/wp\/v2\/types\/post"}],"author":[{"embeddable":true,"href":"https:\/\/immo.lecourrier.es\/index.php\/wp-json\/wp\/v2\/users\/13"}],"replies":[{"embeddable":true,"href":"https:\/\/immo.lecourrier.es\/index.php\/wp-json\/wp\/v2\/comments?post=69510"}],"version-history":[{"count":0,"href":"https:\/\/immo.lecourrier.es\/index.php\/wp-json\/wp\/v2\/posts\/69510\/revisions"}],"wp:featuredmedia":[{"embeddable":true,"href":"https:\/\/immo.lecourrier.es\/index.php\/wp-json\/wp\/v2\/media\/25547"}],"wp:attachment":[{"href":"https:\/\/immo.lecourrier.es\/index.php\/wp-json\/wp\/v2\/media?parent=69510"}],"wp:term":[{"taxonomy":"category","embeddable":true,"href":"https:\/\/immo.lecourrier.es\/index.php\/wp-json\/wp\/v2\/categories?post=69510"},{"taxonomy":"post_tag","embeddable":true,"href":"https:\/\/immo.lecourrier.es\/index.php\/wp-json\/wp\/v2\/tags?post=69510"}],"curies":[{"name":"wp","href":"https:\/\/api.w.org\/{rel}","templated":true}]}}