{"id":69481,"date":"2026-03-09T00:07:42","date_gmt":"2026-03-09T00:07:42","guid":{"rendered":"https:\/\/immo.lecourrier.es\/index.php\/2026\/03\/09\/denia-activ-real-estate-une-agence-francophone-a-denia-et-ses-alentours-2\/"},"modified":"2026-04-25T07:38:30","modified_gmt":"2026-04-25T07:38:30","slug":"denia-activ-real-estate-une-agence-francophone-a-denia-et-ses-alentours-2","status":"publish","type":"post","link":"https:\/\/immo.lecourrier.es\/index.php\/2026\/03\/09\/denia-activ-real-estate-une-agence-francophone-a-denia-et-ses-alentours-2\/","title":{"rendered":"Denia Activ Real Estate: une agence francophone \u00e0 Denia et ses alentours"},"content":{"rendered":"<p><span dir=\"auto\" style=\"vertical-align: inherit\"><span dir=\"auto\" style=\"vertical-align: inherit\"><\/p>\n<p>Nous vendons des appartements et villas exclusives sur la Costa Blanca du Nord, dans et autour de D\u00e9nia, La Sella et l&#8217;arri\u00e8re-pays voisin.<\/p>\n<p><a href=\"https:\/\/es.pons.com\/traducci%C3%B3n\/franc%C3%A9s-alem%C3%A1n\/Bienvenue\" target=\"_blank\" rel=\"noreferrer noopener\"><strong>Bienvenus<\/strong><\/a><strong>&nbsp;&nbsp;<\/strong><a href=\"https:\/\/es.pons.com\/traducci%C3%B3n\/franc%C3%A9s-alem%C3%A1n\/sur\" target=\"_blank\" rel=\"noreferrer noopener\"><strong>sur<\/strong><\/a><strong>&nbsp;<\/strong><a href=\"https:\/\/es.pons.com\/traducci%C3%B3n\/franc%C3%A9s-alem%C3%A1n\/le\" target=\"_blank\" rel=\"noreferrer noopener\"><strong>le<\/strong><\/a><strong>&nbsp;<\/strong><a href=\"https:\/\/es.pons.com\/traducci%C3%B3n\/franc%C3%A9s-alem%C3%A1n\/site\" target=\"_blank\" rel=\"noreferrer noopener\"><strong>site<\/strong><\/a><strong>&nbsp;<\/strong><a href=\"https:\/\/es.pons.com\/traducci%C3%B3n\/franc%C3%A9s-alem%C3%A1n\/de\" target=\"_blank\" rel=\"noreferrer noopener\"><strong>de<\/strong><\/a><strong>&nbsp;<\/strong><a href=\"https:\/\/es.pons.com\/traducci%C3%B3n\/franc%C3%A9s-alem%C3%A1n\/Denia\" target=\"_blank\" rel=\"noreferrer noopener\"><strong>Denia<\/strong><\/a><strong>&nbsp;<\/strong><a href=\"https:\/\/es.pons.com\/traducci%C3%B3n\/franc%C3%A9s-alem%C3%A1n\/Activ\" target=\"_blank\" rel=\"noreferrer noopener\"><strong>Activ<\/strong><\/a>. Votre partenaire active pour l\u2019achat ou la vente d\u2019un BIEN IMMOBILIER de QUALIT\u00c9, avec un SERVICE de QUALIT\u00c9.&nbsp;<\/p>\n<p>DENIA ACTIV (La Sella Activ s. l. u.) est une soci\u00e9t\u00e9 immobili\u00e8re enregistr\u00e9e avec plus de 50 ans d&#8217;exp\u00e9rience collective dans l&#8217;immobilier en petite \u00e9quipe. Vous pouvez compter sur un service de premi\u00e8re classe en tant qu&#8217;ACHETEUR ou VENDEUR. Notre objectif est de vous faire heureux comme propri\u00e9taire d\u2019un bien immobilier.<\/p>\n<h2 class=\"wp-block-heading\">C&#8217;est nous: Denia Activ<\/h2>\n<p><strong>Lucrecia Candrian&nbsp;<\/strong>Suisse, Propri\u00e9taire &nbsp;et Directrice.<\/p>\n<figure class=\"wp-block-image size-full is-resized\"><img decoding=\"async\" src=\"https:\/\/immo.lecourrier.es\/wp-content\/uploads\/2024\/04\/Capture-decran-2022-12-13-a-09.49.55.jpg\"><\/figure>\n<figure class=\"wp-block-image size-full is-resized\"><img decoding=\"async\" src=\"https:\/\/immo.lecourrier.es\/wp-content\/uploads\/2024\/04\/Capture-decran-2022-12-13-a-09.50.07.jpg\"><\/figure>\n<p><strong>DENIA ACTIV (La Sella Activ s.l.u.)&nbsp;<\/strong>est une agence immobili\u00e8reenti\u00e8rement l\u00e9gale et avec plus de 50 ans d&#8217;exp\u00e9rience collective en petite \u00e9quipe.&nbsp; Vous pouvez \u00eatre assur\u00e9 d&#8217;un service de premi\u00e8re classe, comme ACHETEUR ou VENDEUR. Notre objectif est de r\u00e9unir les personnes et les biens.<\/p>\n<p><strong>O\u00d9?<\/strong><br \/>Nous sommes sp\u00e9cialis\u00e9s dans la vente de tous types de biens immobiliers dans la r\u00e9gion de D\u00e9nia et ses villages int\u00e9rieurs imm\u00e9diats, dans la Marina Alta.Y incluse &nbsp;l&#8217;urbanisation chic de La Sella avec ses vues magnifiques sur la montagne et la mer, \u00e0 seulement quelques minutes de route de D\u00e9nia et de la c\u00f4te..&nbsp;<\/p>\n<p><strong>POURQUOI ICI?<\/strong><br \/>La Costa Blanca Nord, au sud de Valence et au nord d\u2019Alicante, a un climat jug\u00e9 par l\u2019Organisation mondiale de la sant\u00e9 le plus sain au monde: doux en hiver, chaud, mais temp\u00e9r\u00e9e par la brise m\u00e9diterran\u00e9enne en \u00e9t\u00e9. La Costa Blanca Nord est plus verte, plus montagneuse et propose des stations plus petites et plus calmes et des villes accueillantes pour les expatri\u00e9s, telles que D\u00e9nia, avec une touche locale et un service international. Cette r\u00e9gion est par cons\u00e9quent tr\u00e8s pris\u00e9e des acheteurs \u00e9trangers.<\/p>\n<p><strong>POURQUOI DENIA ACTIV?<\/strong><br \/>Notre \u00e9quipe est petite, mais avec un service hors pair! Nous nous engageons \u00e0 \u00e9couter nos clients et \u00e0 leur offrir un service optimal en contact direct. <\/p>\n<p>La propri\u00e9taire et directrice,&nbsp;<strong>Lucrecia Candrian<\/strong>, a quitt\u00e9 la Suisse avec la conviction que la vie dans la r\u00e9gion de D\u00e9nia est tout aussi vivante. Elle travaille dans le domaine de l\u2019immobilier dans la Marina Alta depuis plus de 30 ans. Elle poss\u00e8de donc une connaissance in\u00e9gal\u00e9e de la propri\u00e9t\u00e9 locale.&nbsp;<\/p>\n<p><strong>Sarah Neal<\/strong>&nbsp;a quitt\u00e9 le Royaume-Uni il y a environ 15 ans, pour vivre dans la r\u00e9gion de D\u00e9nia. Avant, elle a travaill\u00e9 pendant plus de 20 ans dans l&#8217;immobilier, entre autres comme directrice d&#8217;un groupe immobilier national au Royaume-Uni.&nbsp;<\/p>\n<p>Sarah Neal s&#8217;occupe principalement de clients britanniques et de l&#8217;immobilier dans l&#8217;arri\u00e8re-pays, qu&#8217;elle conna\u00eet \u00e9galement tr\u00e8s bien en tant que sportive et amoureuse de la nature.<\/p>\n<p><strong>QUELLES PROPRI\u00c9T\u00c9S?<\/strong><br \/>Une maison de vacances, un immeuble de placement s\u00fbr ou une r\u00e9sidence permanente &#8211; apr\u00e8s avoir faite votre connaissance personnellement, nous essayons de trouver l\u2019immeuble parfait pour vous, pour tirer le meilleur parti de notre magnifique r\u00e9gion et de son climat fantastique!<\/p>\n<p><em>Exemple de nouveaut\u00e9 de l&#8217;agence pour Denia:<\/em><\/p>\n<figure class=\"wp-block-image size-large\"><img decoding=\"async\" src=\"https:\/\/immo.lecourrier.es\/wp-content\/uploads\/2024\/04\/Capture-decran-2022-12-13-a-09.52.29-823x1024.jpg\"><\/figure>\n<p><strong>POUR QUI?<\/strong><br \/>En tant qu&#8217;ACHETEUR ou VENDEUR, nous vous offrons un service amical et professionnel.&nbsp;<\/p>\n<p><strong>COMMENT?<\/strong><br \/>Nous parlons plusieurs langues et pouvons donc vous parler dans votre langue. Nous sommes tous des &#8220;locaux&#8221;, donc au courant de ce qui se passe, ce qui est certainement utile pour vous. Nous parlons d\u2019exp\u00e9rience et travaillons avec passion.&nbsp;<\/p>\n<p><strong>\u2026 ET POUR SUIVRE<\/strong><br \/>Nous travaillons avec une \u00e9quipe synchronis\u00e9e de sp\u00e9cialistes ind\u00e9pendants pouvant vous aider en mati\u00e8re de conseils juridiques, fiscaux et financiers, ainsi que sur les exigences en mati\u00e8re d&#8217;architecture et de construction. Lucrecia Candrian a d\u00e9clar\u00e9: &#8220;Notre objectif est de faire de vos r\u00eaves une r\u00e9alit\u00e9&#8221;.<\/p>\n<figure class=\"wp-block-image size-large\"><img decoding=\"async\" src=\"https:\/\/immo.lecourrier.es\/wp-content\/uploads\/2024\/04\/Capture-decran-2022-12-12-a-13.41.46-1024x238.jpg\"><\/figure>\n<p><strong>&nbsp;<a href=\"mailto:info@deniaactiv.com\">info@deniaactiv.com<\/a>&nbsp;<\/strong><\/p>\n<p><strong>Tel: +34 600 482 482 (09-14h \/ 16-19h)&nbsp;<\/strong><\/p>\n<p><a href=\"http:\/\/www.deniaactiv.com\">deniaactiv.com<\/a><\/p>\n<p><\/span><\/span><\/p>\n","protected":false},"excerpt":{"rendered":"<p>Nous vendons des appartements et villas exclusives sur la Costa Blanca du Nord, dans et autour de D\u00e9nia, La Sella et l&#8217;arri\u00e8re-pays voisin. Bienvenus&nbsp;&nbsp;sur&nbsp;le&nbsp;site&nbsp;de&nbsp;Denia&nbsp;Activ. Votre partenaire active pour l\u2019achat ou la vente d\u2019un BIEN IMMOBILIER de QUALIT\u00c9, avec un SERVICE de QUALIT\u00c9.&nbsp; DENIA ACTIV (La Sella Activ s. l. u.) est une soci\u00e9t\u00e9 immobili\u00e8re enregistr\u00e9e [&hellip;]<\/p>\n","protected":false},"author":13,"featured_media":25461,"comment_status":"open","ping_status":"closed","sticky":false,"template":"","format":"standard","meta":{"om_disable_all_campaigns":false,"_monsterinsights_skip_tracking":false,"_monsterinsights_sitenote_active":false,"_monsterinsights_sitenote_note":"","_monsterinsights_sitenote_category":0,"_uf_show_specific_survey":0,"_uf_disable_surveys":false,"footnotes":""},"categories":[4454],"tags":[],"class_list":["post-69481","post","type-post","status-publish","format-standard","has-post-thumbnail","hentry","category-prestataires"],"acf":[],"_links":{"self":[{"href":"https:\/\/immo.lecourrier.es\/index.php\/wp-json\/wp\/v2\/posts\/69481","targetHints":{"allow":["GET"]}}],"collection":[{"href":"https:\/\/immo.lecourrier.es\/index.php\/wp-json\/wp\/v2\/posts"}],"about":[{"href":"https:\/\/immo.lecourrier.es\/index.php\/wp-json\/wp\/v2\/types\/post"}],"author":[{"embeddable":true,"href":"https:\/\/immo.lecourrier.es\/index.php\/wp-json\/wp\/v2\/users\/13"}],"replies":[{"embeddable":true,"href":"https:\/\/immo.lecourrier.es\/index.php\/wp-json\/wp\/v2\/comments?post=69481"}],"version-history":[{"count":0,"href":"https:\/\/immo.lecourrier.es\/index.php\/wp-json\/wp\/v2\/posts\/69481\/revisions"}],"wp:featuredmedia":[{"embeddable":true,"href":"https:\/\/immo.lecourrier.es\/index.php\/wp-json\/wp\/v2\/media\/25461"}],"wp:attachment":[{"href":"https:\/\/immo.lecourrier.es\/index.php\/wp-json\/wp\/v2\/media?parent=69481"}],"wp:term":[{"taxonomy":"category","embeddable":true,"href":"https:\/\/immo.lecourrier.es\/index.php\/wp-json\/wp\/v2\/categories?post=69481"},{"taxonomy":"post_tag","embeddable":true,"href":"https:\/\/immo.lecourrier.es\/index.php\/wp-json\/wp\/v2\/tags?post=69481"}],"curies":[{"name":"wp","href":"https:\/\/api.w.org\/{rel}","templated":true}]}}