{"id":69475,"date":"2026-03-09T00:02:05","date_gmt":"2026-03-09T00:02:05","guid":{"rendered":"https:\/\/immo.lecourrier.es\/index.php\/2026\/03\/09\/logistique-et-living-les-segments-immobiliers-qui-sapprecient-le-plus-en-2022-2\/"},"modified":"2026-04-25T07:32:58","modified_gmt":"2026-04-25T07:32:58","slug":"logistique-et-living-les-segments-immobiliers-qui-sapprecient-le-plus-en-2022-2","status":"publish","type":"post","link":"https:\/\/immo.lecourrier.es\/index.php\/2026\/03\/09\/logistique-et-living-les-segments-immobiliers-qui-sapprecient-le-plus-en-2022-2\/","title":{"rendered":"Logistique et &#8216;living&#8217;, les segments immobiliers qui s&#8217;appr\u00e9cient le plus en 2022"},"content":{"rendered":"<p><span dir=\"auto\" style=\"vertical-align: inherit\"><span dir=\"auto\" style=\"vertical-align: inherit\"><\/p>\n<p>Les terrains r\u00e9sidentiels se stabilisent et reprennent de la valeur, atteignant un r\u00e9sultat positif par rapport \u00e0 fin 2019, selon les donn\u00e9es de Cbre. Le commerce de d\u00e9tail et les bureaux sont les secteurs qui concentreront une plus grande d\u00e9valuation fin 2022.<\/p>\n<p>Logistique et living, sur la cr\u00eate de la vague. Cette classe d&#8217;actifs a \u00e9t\u00e9 celle qui s&#8217;est le plus r\u00e9\u00e9valu\u00e9e en 2022, selon les donn\u00e9es collect\u00e9es et analys\u00e9es par le domaine Valuation&amp;Advisory Services de Cbre. <\/p>\n<p>En outre, le cabinet de conseil indique que les terrains r\u00e9sidentiels ont repris de la valeur au cours de l&#8217;ann\u00e9e, restant positifs par rapport \u00e0 fin 2019. Cbre estime \u00e9galement que le reste des secteurs a \u00e9t\u00e9 affect\u00e9 par la situation macro\u00e9conomique actuelle, les segments \u00e9tant les plus d\u00e9valu\u00e9s. commerces et bureaux. <\/p>\n<p>\u00ab Les niveaux d&#8217;inflation enregistr\u00e9s en 2022, la hausse du co\u00fbt des mati\u00e8res premi\u00e8res, la situation de la cha\u00eene d&#8217;approvisionnement et les tensions g\u00e9opolitiques ont provoqu\u00e9 un fort ralentissement de la dynamique du march\u00e9 des transactions ; ces effets se sont produits avec plus de force au cours de la seconde partie de 2022, avec la r\u00e9vision \u00e0 la hausse des taux de risque requis qui en a r\u00e9sult\u00e9 \u00bb, d\u00e9clare Fernando Fuente, directeur principal de Valuation &amp; Advisory Services chez Cbre. <\/p>\n<p>&#8220;Tout cela fait que les valorisations des actifs immobiliers souffrent et commencent \u00e0 acc\u00e9l\u00e9rer les baisses des valeurs en capital, une tendance qui se poursuivra au d\u00e9but de 2023&#8221;, conclut Fuente.<\/p>\n<p><\/span><\/span><\/p>\n","protected":false},"excerpt":{"rendered":"<p>Les terrains r\u00e9sidentiels se stabilisent et reprennent de la valeur, atteignant un r\u00e9sultat positif par rapport \u00e0 fin 2019, selon les donn\u00e9es de Cbre. Le commerce de d\u00e9tail et les bureaux sont les secteurs qui concentreront une plus grande d\u00e9valuation fin 2022. Logistique et living, sur la cr\u00eate de la vague. Cette classe d&#8217;actifs a [&hellip;]<\/p>\n","protected":false},"author":13,"featured_media":25434,"comment_status":"open","ping_status":"closed","sticky":false,"template":"","format":"standard","meta":{"om_disable_all_campaigns":false,"_monsterinsights_skip_tracking":false,"_monsterinsights_sitenote_active":false,"_monsterinsights_sitenote_note":"","_monsterinsights_sitenote_category":0,"_uf_show_specific_survey":0,"_uf_disable_surveys":false,"footnotes":""},"categories":[212,234],"tags":[],"class_list":["post-69475","post","type-post","status-publish","format-standard","has-post-thumbnail","hentry","category-breaking-news","category-logistique-retail"],"acf":[],"_links":{"self":[{"href":"https:\/\/immo.lecourrier.es\/index.php\/wp-json\/wp\/v2\/posts\/69475","targetHints":{"allow":["GET"]}}],"collection":[{"href":"https:\/\/immo.lecourrier.es\/index.php\/wp-json\/wp\/v2\/posts"}],"about":[{"href":"https:\/\/immo.lecourrier.es\/index.php\/wp-json\/wp\/v2\/types\/post"}],"author":[{"embeddable":true,"href":"https:\/\/immo.lecourrier.es\/index.php\/wp-json\/wp\/v2\/users\/13"}],"replies":[{"embeddable":true,"href":"https:\/\/immo.lecourrier.es\/index.php\/wp-json\/wp\/v2\/comments?post=69475"}],"version-history":[{"count":0,"href":"https:\/\/immo.lecourrier.es\/index.php\/wp-json\/wp\/v2\/posts\/69475\/revisions"}],"wp:featuredmedia":[{"embeddable":true,"href":"https:\/\/immo.lecourrier.es\/index.php\/wp-json\/wp\/v2\/media\/25434"}],"wp:attachment":[{"href":"https:\/\/immo.lecourrier.es\/index.php\/wp-json\/wp\/v2\/media?parent=69475"}],"wp:term":[{"taxonomy":"category","embeddable":true,"href":"https:\/\/immo.lecourrier.es\/index.php\/wp-json\/wp\/v2\/categories?post=69475"},{"taxonomy":"post_tag","embeddable":true,"href":"https:\/\/immo.lecourrier.es\/index.php\/wp-json\/wp\/v2\/tags?post=69475"}],"curies":[{"name":"wp","href":"https:\/\/api.w.org\/{rel}","templated":true}]}}