{"id":69467,"date":"2026-03-08T23:58:22","date_gmt":"2026-03-08T23:58:22","guid":{"rendered":"https:\/\/immo.lecourrier.es\/index.php\/2026\/03\/08\/cette-villa-avec-vue-sur-la-mer-a-majorque-ascenseur-direct-vers-la-plage-et-panic-room-est-vendue-21-millions-2\/"},"modified":"2026-04-25T07:24:37","modified_gmt":"2026-04-25T07:24:37","slug":"cette-villa-avec-vue-sur-la-mer-a-majorque-ascenseur-direct-vers-la-plage-et-panic-room-est-vendue-21-millions-2","status":"publish","type":"post","link":"https:\/\/immo.lecourrier.es\/index.php\/2026\/03\/08\/cette-villa-avec-vue-sur-la-mer-a-majorque-ascenseur-direct-vers-la-plage-et-panic-room-est-vendue-21-millions-2\/","title":{"rendered":"Cette villa avec vue sur la mer \u00e0 Majorque, ascenseur direct vers la plage et\u2026 panic room est vendue 21 millions"},"content":{"rendered":"<p><span dir=\"auto\" style=\"vertical-align: inherit\"><span dir=\"auto\" style=\"vertical-align: inherit\"><\/p>\n<p>Cette villa avec vue sur la mer \u00e0 Majorque, ascenseur direct vers la plage et\u2026 panic room est vendue 21 millions<\/p>\n<p>L&#8217;Espagne se caract\u00e9rise par ses c\u00f4tes et ses \u00eeles et \u00e0 Calvi\u00e0, Majorque, une incroyable villa se distingue par son design, mais surtout par son emplacement. De l&#8217;int\u00e9rieur, il semble que la maison soit sur la mer. Avec une vue imprenable sur la baie de Portals Vells \u00e0 Sol de Mallorca, cette villa est \u00e0 vendre pour 21 millions d&#8217;euros. Et le meilleur de tous, il dispose d&#8217;un ascenseur priv\u00e9 directement \u00e0 la crique.<\/p>\n<p>La maison est situ\u00e9e sur un terrain de 2 187 m2 avec jardin et a une superficie construite de 1 300 m2 ainsi que 124 m2 de terrasses ouvertes.<\/p>\n<p>Elle dispose de 6 chambres, 6 salles de bain et d&#8217;une piscine \u00e0 d\u00e9bordement de 81 m2. Cette villa d&#8217;exception dispose d&#8217;une domotique, d&#8217;une panique, de portes blind\u00e9es, d&#8217;un syst\u00e8me d&#8217;alarme et de 3 ascenseurs ainsi que d&#8217;un monte-voiture avec acc\u00e8s \u00e0 un grand garage pour 8 voitures.<\/p>\n<figure class=\"wp-block-gallery has-nested-images columns-default is-cropped wp-block-gallery-1 is-layout-flex wp-block-gallery-is-layout-flex\">\n<figure class=\"wp-block-image size-large\"><img decoding=\"async\" src=\"https:\/\/immo.lecourrier.es\/wp-content\/uploads\/2024\/04\/03_1-1-1024x535.jpg\"><\/figure>\n<figure class=\"wp-block-image size-large\"><img decoding=\"async\" src=\"https:\/\/immo.lecourrier.es\/wp-content\/uploads\/2024\/04\/04_1-1024x535.jpg\"><\/figure>\n<figure class=\"wp-block-image size-large\"><img decoding=\"async\" src=\"https:\/\/immo.lecourrier.es\/wp-content\/uploads\/2024\/04\/05_1-1024x535.jpg\"><\/figure>\n<figure class=\"wp-block-image size-large\"><img decoding=\"async\" src=\"https:\/\/immo.lecourrier.es\/wp-content\/uploads\/2024\/04\/07_1-1024x535.jpg\"><\/figure>\n<figure class=\"wp-block-image size-large\"><img decoding=\"async\" src=\"https:\/\/immo.lecourrier.es\/wp-content\/uploads\/2024\/04\/08-1-1024x535.jpg\"><\/figure>\n<figure class=\"wp-block-image size-large\"><img decoding=\"async\" src=\"https:\/\/immo.lecourrier.es\/wp-content\/uploads\/2024\/04\/10_0-1024x535.jpg\"><\/figure>\n<figure class=\"wp-block-image size-large\"><img decoding=\"async\" src=\"https:\/\/immo.lecourrier.es\/wp-content\/uploads\/2024\/04\/11-1024x535.jpg\"><\/figure>\n<figure class=\"wp-block-image size-large\"><img decoding=\"async\" src=\"https:\/\/immo.lecourrier.es\/wp-content\/uploads\/2026\/03\/12-1-1-1024x535.jpg\"><\/figure>\n<figure class=\"wp-block-image size-large\"><img decoding=\"async\" src=\"https:\/\/immo.lecourrier.es\/wp-content\/uploads\/2024\/04\/14-1024x535.jpg\"><\/figure>\n<figure class=\"wp-block-image size-large\"><img decoding=\"async\" src=\"https:\/\/immo.lecourrier.es\/wp-content\/uploads\/2024\/04\/17-1024x535.jpg\"><\/figure>\n<\/figure>\n<p><\/span><\/span><\/p>\n","protected":false},"excerpt":{"rendered":"<p>Cette villa avec vue sur la mer \u00e0 Majorque, ascenseur direct vers la plage et\u2026 panic room est vendue 21 millions L&#8217;Espagne se caract\u00e9rise par ses c\u00f4tes et ses \u00eeles et \u00e0 Calvi\u00e0, Majorque, une incroyable villa se distingue par son design, mais surtout par son emplacement. De l&#8217;int\u00e9rieur, il semble que la maison soit [&hellip;]<\/p>\n","protected":false},"author":13,"featured_media":69469,"comment_status":"open","ping_status":"closed","sticky":false,"template":"","format":"standard","meta":{"om_disable_all_campaigns":false,"_monsterinsights_skip_tracking":false,"_monsterinsights_sitenote_active":false,"_monsterinsights_sitenote_note":"","_monsterinsights_sitenote_category":0,"_uf_show_specific_survey":0,"_uf_disable_surveys":false,"footnotes":""},"categories":[212],"tags":[],"class_list":["post-69467","post","type-post","status-publish","format-standard","has-post-thumbnail","hentry","category-breaking-news"],"acf":[],"_links":{"self":[{"href":"https:\/\/immo.lecourrier.es\/index.php\/wp-json\/wp\/v2\/posts\/69467","targetHints":{"allow":["GET"]}}],"collection":[{"href":"https:\/\/immo.lecourrier.es\/index.php\/wp-json\/wp\/v2\/posts"}],"about":[{"href":"https:\/\/immo.lecourrier.es\/index.php\/wp-json\/wp\/v2\/types\/post"}],"author":[{"embeddable":true,"href":"https:\/\/immo.lecourrier.es\/index.php\/wp-json\/wp\/v2\/users\/13"}],"replies":[{"embeddable":true,"href":"https:\/\/immo.lecourrier.es\/index.php\/wp-json\/wp\/v2\/comments?post=69467"}],"version-history":[{"count":0,"href":"https:\/\/immo.lecourrier.es\/index.php\/wp-json\/wp\/v2\/posts\/69467\/revisions"}],"wp:featuredmedia":[{"embeddable":true,"href":"https:\/\/immo.lecourrier.es\/index.php\/wp-json\/wp\/v2\/media\/69469"}],"wp:attachment":[{"href":"https:\/\/immo.lecourrier.es\/index.php\/wp-json\/wp\/v2\/media?parent=69467"}],"wp:term":[{"taxonomy":"category","embeddable":true,"href":"https:\/\/immo.lecourrier.es\/index.php\/wp-json\/wp\/v2\/categories?post=69467"},{"taxonomy":"post_tag","embeddable":true,"href":"https:\/\/immo.lecourrier.es\/index.php\/wp-json\/wp\/v2\/tags?post=69467"}],"curies":[{"name":"wp","href":"https:\/\/api.w.org\/{rel}","templated":true}]}}