{"id":69463,"date":"2026-03-08T23:52:39","date_gmt":"2026-03-08T23:52:39","guid":{"rendered":"https:\/\/immo.lecourrier.es\/index.php\/2026\/03\/08\/rockstone-sallie-au-mexicain-begrand-pour-se-developper-dans-le-prime-de-madrid-2\/"},"modified":"2026-04-25T07:09:13","modified_gmt":"2026-04-25T07:09:13","slug":"rockstone-sallie-au-mexicain-begrand-pour-se-developper-dans-le-prime-de-madrid-2","status":"publish","type":"post","link":"https:\/\/immo.lecourrier.es\/index.php\/2026\/03\/08\/rockstone-sallie-au-mexicain-begrand-pour-se-developper-dans-le-prime-de-madrid-2\/","title":{"rendered":"Rockstone s&#8217;allie au mexicain BeGrand pour se d\u00e9velopper dans le &#8220;prime&#8221; de Madrid"},"content":{"rendered":"<p><span dir=\"auto\" style=\"vertical-align: inherit\"><span dir=\"auto\" style=\"vertical-align: inherit\"><\/p>\n<p>Les deux soci\u00e9t\u00e9s ont finalis\u00e9 l&#8217;acquisition pour 17 millions d&#8217;euros d&#8217;un immeuble situ\u00e9 au num\u00e9ro 42 de la rue Santa Engracia. Rockstone pr\u00e9voit d&#8217;investir 200 millions suppl\u00e9mentaires dans la p\u00e9ninsule ib\u00e9rique jusqu&#8217;en 2025.<\/p>\n<p>Rockstone s&#8217;associe \u00e0 l&#8217;entreprise mexicaine BeGrand pour poursuivre sa croissance dans le quartier \u00ab privil\u00e9gi\u00e9 \u00bb de Madrid Rockstone se d\u00e9veloppe dans le quartier r\u00e9sidentiel privil\u00e9gi\u00e9 de Madrid. Le fonds allemand a acquis, en alliance avec le groupe mexicain BeGrand, une propri\u00e9t\u00e9 pour environ 17 millions d&#8217;euros au num\u00e9ro 42 de la rue Santa Engracia, selon un communiqu\u00e9 transmis par la soci\u00e9t\u00e9. <\/p>\n<p>Il s&#8217;agit de la deuxi\u00e8me op\u00e9ration de Rockstone \u00e0 Madrid, apr\u00e8s avoir form\u00e9 une joint-venture pour Grupo La Finca en novembre de l&#8217;ann\u00e9e derni\u00e8re, qui a acquis une propri\u00e9t\u00e9 au num\u00e9ro 9 Calle Virgen de los Peligros, entre Calle Alcal\u00e1 et Gran Via, pour la r\u00e9former compl\u00e8tement. Parall\u00e8lement \u00e0 l&#8217;achat de l&#8217;immeuble en alliance avec BeGrand, le fonds allemand a \u00e9galement annonc\u00e9 qu&#8217;il doublait son engagement sur le march\u00e9 ib\u00e9rique et, dans ce sens, il investira 200 millions d&#8217;euros jusqu&#8217;en 2025 pour continuer \u00e0 d\u00e9velopper son portefeuille en Espagne. et Portugal. Rockstone d\u00e9veloppe actuellement plus de dix-huit projets \u00e0 l&#8217;international \u00ab Depuis 2019, nous avons commenc\u00e9 \u00e0 ouvrir de nouveaux march\u00e9s \u00e0 l&#8217;international et en 2021 nous avons ouvert notre bureau \u00e0 Madrid ; Le leadership de l&#8217;entreprise n\u00e9cessite une vision strat\u00e9gique et un positionnement sur des march\u00e9s tels que l&#8217;Afrique et l&#8217;Europe, l&#8217;Espagne et le Portugal \u00e9tant tr\u00e8s importants \u00bb, d\u00e9clare Dietrich E. Rogge, PDG et fondateur de Rockstone Real Estate. <\/p>\n<p>&#8220;Maintenant et dans les cinq prochaines ann\u00e9es, compte tenu des propri\u00e9t\u00e9s qu&#8217;elles proposent, des villes comme Madrid et Lisbonne seront essentielles, car elles offrent un style de vie qui attire des Br\u00e9siliens, des \u00c9tats-Unis et d&#8217;autres pays comme le Mexique, \u00e0 la fois comme r\u00e9sidence et pour cens\u00e9 \u00eatre un investissement \u00bb, ajoute Rogge. <\/p>\n<p>Rockstone Real Estate est n\u00e9 en 2013 et se concentre sur le d\u00e9veloppement de propri\u00e9t\u00e9s r\u00e9sidentielles et commerciales, ainsi que sur l&#8217;achat d&#8217;actifs immobiliers \u00e0 fort potentiel de d\u00e9veloppement. Les projets ont g\u00e9n\u00e9ralement un investissement total compris entre 20 et 60 millions d&#8217;euros et une dur\u00e9e comprise entre deux et cinq ans.Actuellement, Rockstone Real Estate d\u00e9veloppe plus de dix-huit projets \u00e0 l&#8217;international, ce qui signifie que le portefeuille d&#8217;investissement est actuellement de 650 millions d&#8217;euros. Depuis sa cr\u00e9ation, les investissements de l&#8217;entreprise d\u00e9passent les 750 millions d&#8217;euros.<\/p>\n<p><\/span><\/span><\/p>\n","protected":false},"excerpt":{"rendered":"<p>Les deux soci\u00e9t\u00e9s ont finalis\u00e9 l&#8217;acquisition pour 17 millions d&#8217;euros d&#8217;un immeuble situ\u00e9 au num\u00e9ro 42 de la rue Santa Engracia. Rockstone pr\u00e9voit d&#8217;investir 200 millions suppl\u00e9mentaires dans la p\u00e9ninsule ib\u00e9rique jusqu&#8217;en 2025. Rockstone s&#8217;associe \u00e0 l&#8217;entreprise mexicaine BeGrand pour poursuivre sa croissance dans le quartier \u00ab privil\u00e9gi\u00e9 \u00bb de Madrid Rockstone se d\u00e9veloppe dans [&hellip;]<\/p>\n","protected":false},"author":13,"featured_media":25396,"comment_status":"open","ping_status":"closed","sticky":false,"template":"","format":"standard","meta":{"om_disable_all_campaigns":false,"_monsterinsights_skip_tracking":false,"_monsterinsights_sitenote_active":false,"_monsterinsights_sitenote_note":"","_monsterinsights_sitenote_category":0,"_uf_show_specific_survey":0,"_uf_disable_surveys":false,"footnotes":""},"categories":[212],"tags":[],"class_list":["post-69463","post","type-post","status-publish","format-standard","has-post-thumbnail","hentry","category-breaking-news"],"acf":[],"_links":{"self":[{"href":"https:\/\/immo.lecourrier.es\/index.php\/wp-json\/wp\/v2\/posts\/69463","targetHints":{"allow":["GET"]}}],"collection":[{"href":"https:\/\/immo.lecourrier.es\/index.php\/wp-json\/wp\/v2\/posts"}],"about":[{"href":"https:\/\/immo.lecourrier.es\/index.php\/wp-json\/wp\/v2\/types\/post"}],"author":[{"embeddable":true,"href":"https:\/\/immo.lecourrier.es\/index.php\/wp-json\/wp\/v2\/users\/13"}],"replies":[{"embeddable":true,"href":"https:\/\/immo.lecourrier.es\/index.php\/wp-json\/wp\/v2\/comments?post=69463"}],"version-history":[{"count":0,"href":"https:\/\/immo.lecourrier.es\/index.php\/wp-json\/wp\/v2\/posts\/69463\/revisions"}],"wp:featuredmedia":[{"embeddable":true,"href":"https:\/\/immo.lecourrier.es\/index.php\/wp-json\/wp\/v2\/media\/25396"}],"wp:attachment":[{"href":"https:\/\/immo.lecourrier.es\/index.php\/wp-json\/wp\/v2\/media?parent=69463"}],"wp:term":[{"taxonomy":"category","embeddable":true,"href":"https:\/\/immo.lecourrier.es\/index.php\/wp-json\/wp\/v2\/categories?post=69463"},{"taxonomy":"post_tag","embeddable":true,"href":"https:\/\/immo.lecourrier.es\/index.php\/wp-json\/wp\/v2\/tags?post=69463"}],"curies":[{"name":"wp","href":"https:\/\/api.w.org\/{rel}","templated":true}]}}