{"id":69454,"date":"2026-03-08T23:47:04","date_gmt":"2026-03-08T23:47:04","guid":{"rendered":"https:\/\/immo.lecourrier.es\/index.php\/2026\/03\/08\/iberdrola-inmobiliaria-demarre-les-travaux-dune-plate-forme-logistique-a-torrejon-de-ardoz-2\/"},"modified":"2026-04-25T07:04:12","modified_gmt":"2026-04-25T07:04:12","slug":"iberdrola-inmobiliaria-demarre-les-travaux-dune-plate-forme-logistique-a-torrejon-de-ardoz-2","status":"publish","type":"post","link":"https:\/\/immo.lecourrier.es\/index.php\/2026\/03\/08\/iberdrola-inmobiliaria-demarre-les-travaux-dune-plate-forme-logistique-a-torrejon-de-ardoz-2\/","title":{"rendered":"Iberdrola Inmobiliaria d\u00e9marre les travaux d&#8217;une plate-forme logistique \u00e0 Torrej\u00f3n de Ardoz"},"content":{"rendered":"<p><span dir=\"auto\" style=\"vertical-align: inherit\"><span dir=\"auto\" style=\"vertical-align: inherit\"><\/p>\n<p>Iberdrola Inmobiliaria dispose de plus de 3,5 millions de m\u00e8tres carr\u00e9s de terrain pour promouvoir des projets dans diff\u00e9rents segments.<br \/>brainsre.news<br \/>22\/12\/2022<\/p>\n<p><strong>Plateforme Logistique<\/strong><br \/>Les travaux de l&#8217;ambitieux projet IB1-Logistic Park ont \u200b\u200bd\u00e9j\u00e0 commenc\u00e9. Iberdrola Inmobiliaria a commenc\u00e9 cette semaine les travaux de construction de son nouvel entrep\u00f4t logistique de 23 000 m\u00e8tres carr\u00e9s situ\u00e9 dans la ville madril\u00e8ne de Torrej\u00f3n de Ardoz.<\/p>\n<p>La propri\u00e9t\u00e9, construite sur un terrain de 38 000 m\u00e8tres carr\u00e9s, est proche de la capitale et dispose d&#8217;un acc\u00e8s proche \u00e0 l&#8217;autoroute A-2, \u00e0 l&#8217;a\u00e9roport Adolfo Su\u00e1rez Madrid-Barajas et au port sec de Coslada. L&#8217;emplacement est id\u00e9al pour le d\u00e9veloppement de la logistique du dernier kilom\u00e8tre et de la distribution logistique r\u00e9gionale.<\/p>\n<p>Le nom commercial de la plateforme est IB1-Logistic Park. Le projet aura une conception flexible pour servir tous les types de clients et son objectif est de couvrir la demande de surface pour les activit\u00e9s logistiques dans la deuxi\u00e8me couronne du Corredor del Henares.<\/p>\n<p>Selon Iberdrola Inmobiliaria, le d\u00e9veloppement aura la capacit\u00e9 d&#8217;accueillir un ou plusieurs locataires et sera modulable, avec des espaces de stockage de 4 000 m\u00e8tres carr\u00e9s \u00e0 23 000 m\u00e8tres carr\u00e9s dans le cas o\u00f9 le locataire souhaite conserver l&#8217;int\u00e9gralit\u00e9 du parc. De plus, IB1-Logistic Park aura une efficacit\u00e9 \u00e9nerg\u00e9tique maximale sign\u00e9e avec le label BREEAM Very Good.<\/p>\n<p><strong>Iberdrola Inmobiliaria<\/strong> a deux d\u00e9cennies d&#8217;exp\u00e9rience dans le d\u00e9veloppement de propri\u00e9t\u00e9s logistiques de pointe dans toute l&#8217;Espagne. Concr\u00e8tement, sur l&#8217;axe de l&#8217;A-2, la fin des travaux est pr\u00e9vue pour le dernier trimestre 2023.<\/p>\n<p>Pour sa commercialisation, les consultants Invertica Irels et Knight Frank ont \u200b\u200b\u00e9t\u00e9 confi\u00e9s, tous deux dot\u00e9s d&#8217;une vaste exp\u00e9rience dans le secteur immobilier europ\u00e9en.<\/p>\n<p>Iberdrola Inmobiliaria maintient un portefeuille d&#8217;actifs en exploitation qui d\u00e9passe 185 000 m\u00e8tres carr\u00e9s de surface locative brute et dispose de plus de 3,5 millions de m\u00e8tres carr\u00e9s de terrain pour promouvoir des projets r\u00e9sidentiels -premi\u00e8res et r\u00e9sidences secondaires- et tertiaires, des bureaux aux centres b\u00e2timents commerciaux et industriels.<\/p>\n<p><strong>Derni\u00e8res actualit\u00e9s logistiques<\/strong><\/p>\n<p><strong>Sagax<\/strong> a c\u00e9d\u00e9 36 propri\u00e9t\u00e9s \u00e0 Transgourmet en \u00e9change de 180 millions d&#8217;euros et d&#8217;une prime de 9%. L&#8217;acqu\u00e9reur occupait les actifs en tant que locataires et avec cette op\u00e9ration il contr\u00f4le plus de la moiti\u00e9 des 70 \u00e9tablissements de sa GM Cash r\u00e9partis sur dix communaut\u00e9s autonomes.<\/p>\n<p>Au Portugal, <strong>Montepino<\/strong> s&#8217;est entendu avec Leroy Merlin pour construire la plus grande plateforme logistique du Portugal. L&#8217;entreprise s&#8217;engage \u00e0 d\u00e9velopper la plus grande plateforme logistique du Portugal sur un terrain situ\u00e9 \u00e0 Castenheira do Ribatejo.<\/p>\n<p><strong>Nederval <\/strong>a annonc\u00e9 qu&#8217;elle d\u00e9veloppera un actif logistique cl\u00e9 en main pour Paack afin de renforcer la r\u00e9gion de Valence. Le nouveau centre de distribution sera construit dans le parc logistique de Valence, dans la ville de Ribarroja, la zone privil\u00e9gi\u00e9e par excellence du march\u00e9 immobilier levantin.<\/p>\n<p><strong>Clarion<\/strong>, pour sa part, a achet\u00e9 un terrain \u00e0 Tarragone pour d\u00e9velopper le Valls Logistics Park. Le projet, dont la livraison est pr\u00e9vue au deuxi\u00e8me trimestre 2023, consistera en deux entrep\u00f4ts qui totaliseront 30 000 m\u00e8tres carr\u00e9s.<\/p>\n<p><strong>Ikea<\/strong> a \u00e9galement acquis un terrain dans le parc d&#8217;activit\u00e9s d&#8217;Antequera pour y construire un centre logistique. Le terrain, qui a une superficie de 52 000 m\u00e8tres carr\u00e9s, abritera un entrep\u00f4t de 37 000 m\u00e8tres carr\u00e9s.<\/p>\n<p><strong>Panattoni<\/strong> a d\u00e9j\u00e0 re\u00e7u la licence pour d\u00e9marrer la construction de sa plate-forme logistique \u00e0 Burgos. La multinationale industrielle fait ses d\u00e9buts en Castilla y Le\u00f3n avec un actif de 43 000 m\u00e8tres de surface locative \u00e0 mi-chemin entre le port de Bilbao et Madrid.<\/p>\n<p><strong>Magnum Heating Spain<\/strong> a annonc\u00e9 la construction d&#8217;un nouveau centre logistique \u00e0 Alicante. Selon l&#8217;entreprise, les travaux d\u00e9buteront au cours du premier trimestre 2023 et il est pr\u00e9vu qu&#8217;il puisse \u00eatre pleinement op\u00e9rationnel d&#8217;ici la fin de la m\u00eame ann\u00e9e.<\/p>\n<p><\/span><\/span><\/p>\n","protected":false},"excerpt":{"rendered":"<p>Iberdrola Inmobiliaria dispose de plus de 3,5 millions de m\u00e8tres carr\u00e9s de terrain pour promouvoir des projets dans diff\u00e9rents segments.brainsre.news22\/12\/2022 Plateforme LogistiqueLes travaux de l&#8217;ambitieux projet IB1-Logistic Park ont \u200b\u200bd\u00e9j\u00e0 commenc\u00e9. Iberdrola Inmobiliaria a commenc\u00e9 cette semaine les travaux de construction de son nouvel entrep\u00f4t logistique de 23 000 m\u00e8tres carr\u00e9s situ\u00e9 dans la ville [&hellip;]<\/p>\n","protected":false},"author":13,"featured_media":69455,"comment_status":"open","ping_status":"closed","sticky":false,"template":"","format":"standard","meta":{"om_disable_all_campaigns":false,"_monsterinsights_skip_tracking":false,"_monsterinsights_sitenote_active":false,"_monsterinsights_sitenote_note":"","_monsterinsights_sitenote_category":0,"_uf_show_specific_survey":0,"_uf_disable_surveys":false,"footnotes":""},"categories":[212,234,4504],"tags":[],"class_list":["post-69454","post","type-post","status-publish","format-standard","has-post-thumbnail","hentry","category-breaking-news","category-logistique-retail","category-resilience-agri"],"acf":[],"_links":{"self":[{"href":"https:\/\/immo.lecourrier.es\/index.php\/wp-json\/wp\/v2\/posts\/69454","targetHints":{"allow":["GET"]}}],"collection":[{"href":"https:\/\/immo.lecourrier.es\/index.php\/wp-json\/wp\/v2\/posts"}],"about":[{"href":"https:\/\/immo.lecourrier.es\/index.php\/wp-json\/wp\/v2\/types\/post"}],"author":[{"embeddable":true,"href":"https:\/\/immo.lecourrier.es\/index.php\/wp-json\/wp\/v2\/users\/13"}],"replies":[{"embeddable":true,"href":"https:\/\/immo.lecourrier.es\/index.php\/wp-json\/wp\/v2\/comments?post=69454"}],"version-history":[{"count":0,"href":"https:\/\/immo.lecourrier.es\/index.php\/wp-json\/wp\/v2\/posts\/69454\/revisions"}],"wp:featuredmedia":[{"embeddable":true,"href":"https:\/\/immo.lecourrier.es\/index.php\/wp-json\/wp\/v2\/media\/69455"}],"wp:attachment":[{"href":"https:\/\/immo.lecourrier.es\/index.php\/wp-json\/wp\/v2\/media?parent=69454"}],"wp:term":[{"taxonomy":"category","embeddable":true,"href":"https:\/\/immo.lecourrier.es\/index.php\/wp-json\/wp\/v2\/categories?post=69454"},{"taxonomy":"post_tag","embeddable":true,"href":"https:\/\/immo.lecourrier.es\/index.php\/wp-json\/wp\/v2\/tags?post=69454"}],"curies":[{"name":"wp","href":"https:\/\/api.w.org\/{rel}","templated":true}]}}