{"id":69453,"date":"2026-03-08T23:46:58","date_gmt":"2026-03-08T23:46:58","guid":{"rendered":"https:\/\/immo.lecourrier.es\/index.php\/2026\/03\/08\/first-workplaces-ouvre-de-nouveaux-bureaux-de-2-200-metres-carres-a-madrid-2\/"},"modified":"2026-04-25T07:04:11","modified_gmt":"2026-04-25T07:04:11","slug":"first-workplaces-ouvre-de-nouveaux-bureaux-de-2-200-metres-carres-a-madrid-2","status":"publish","type":"post","link":"https:\/\/immo.lecourrier.es\/index.php\/2026\/03\/08\/first-workplaces-ouvre-de-nouveaux-bureaux-de-2-200-metres-carres-a-madrid-2\/","title":{"rendered":"First Workplaces ouvre de nouveaux bureaux de 2 200 m\u00e8tres carr\u00e9s \u00e0 Madrid"},"content":{"rendered":"<p><span dir=\"auto\" style=\"vertical-align: inherit\"><span dir=\"auto\" style=\"vertical-align: inherit\"><\/p>\n<p>L&#8217;op\u00e9rateur de bureau flexible ajoute un nouvel espace au num\u00e9ro 130 Paseo de la Castellana. First Workplaces g\u00e8re plus de 26 000 m\u00e8tres carr\u00e9s \u00e0 Madrid, Barcelone et Malaga.<\/p>\n<p>First Castellana First Workplaces donne du gaz. La soci\u00e9t\u00e9 de bureaux flexibles et de coworking d&#8217;entreprise ouvrira un nouvel espace de 2 200 m\u00e8tres carr\u00e9s \u00e0 Madrid en mars prochain, au num\u00e9ro 130 Paseo de la Castellana, comme annonc\u00e9 dans un communiqu\u00e9. <\/p>\n<p>Ce sont les deux derniers \u00e9tages (neuvi\u00e8me et dixi\u00e8me) du b\u00e2timent, dont la r\u00e9forme compl\u00e8te s&#8217;est achev\u00e9e cette ann\u00e9e. De plus, la terrasse du neuvi\u00e8me \u00e9tage a \u00e9t\u00e9 am\u00e9nag\u00e9e \u00e0 l&#8217;usage exclusif des clients de First Workplaces. <\/p>\n<p>Avec ce nouveau centre, l&#8217;op\u00e9rateur ajoute un nouvel espace sur le Paseo de la Castellana \u00e0 ceux qu&#8217;il poss\u00e8de d\u00e9j\u00e0 aux num\u00e9ros 55 (angle Jos\u00e9 Abascal), 95 (Torre Europa) et 216 (Torre Realia), renfor\u00e7ant ainsi son positionnement strat\u00e9gique dans des emplacements de choix et dans les \u00e9pines dorsales des quartiers d&#8217;affaires des villes. <\/p>\n<p>First Workplaces g\u00e8re plus de 26 000 m\u00e8tres carr\u00e9s d&#8217;espaces de bureaux flexibles r\u00e9partis dans dix centres entre Madrid, Barcelone et Malaga. L&#8217;entreprise, dirig\u00e9e par \u00d3scar Garc\u00eda, a \u00e9t\u00e9 fond\u00e9e il y a plus de quatorze ans. La passation de march\u00e9s de bureaux flexibles a atteint 12 040 m\u00e8tres carr\u00e9s \u00e0 Madrid au cours des neuf premiers mois de l&#8217;ann\u00e9e.<\/p>\n<p>La passation de march\u00e9s d&#8217;espaces de bureaux flexibles \u00e0 Barcelone s&#8217;est \u00e9lev\u00e9e \u00e0 18 387 m\u00e8tres carr\u00e9s d&#8217;espaces de janvier \u00e0 septembre, ce qui repr\u00e9sente 7% de la prise en occupation totale, comme d\u00e9taill\u00e9 dans la cinqui\u00e8me \u00e9dition du rapport Flexible Offices pr\u00e9par\u00e9 par le cabinet de conseil en immobilier Cushman&amp;Wakefield en collaboration avec l&#8217;employeur d&#8217;espaces de travail flexibles ProWork Spaces. <\/p>\n<p>\u00c0 Madrid, au troisi\u00e8me trimestre de l&#8217;ann\u00e9e, la location d&#8217;espaces de travail flexibles a atteint 12 040 m\u00e8tres carr\u00e9s, ce qui repr\u00e9sente 3 % de la location totale de surfaces de bureaux. Bien qu&#8217;en valeurs absolues, l&#8217;absorption ait gagn\u00e9 quelque 4 000 m\u00e8tres carr\u00e9s par rapport \u00e0 septembre 2021, la prise en occupation reste inf\u00e9rieure de 1 % et se situe aux niveaux de 2017.<\/p>\n<p><\/span><\/span><\/p>\n","protected":false},"excerpt":{"rendered":"<p>L&#8217;op\u00e9rateur de bureau flexible ajoute un nouvel espace au num\u00e9ro 130 Paseo de la Castellana. First Workplaces g\u00e8re plus de 26 000 m\u00e8tres carr\u00e9s \u00e0 Madrid, Barcelone et Malaga. First Castellana First Workplaces donne du gaz. La soci\u00e9t\u00e9 de bureaux flexibles et de coworking d&#8217;entreprise ouvrira un nouvel espace de 2 200 m\u00e8tres carr\u00e9s \u00e0 [&hellip;]<\/p>\n","protected":false},"author":13,"featured_media":25367,"comment_status":"open","ping_status":"closed","sticky":false,"template":"","format":"standard","meta":{"om_disable_all_campaigns":false,"_monsterinsights_skip_tracking":false,"_monsterinsights_sitenote_active":false,"_monsterinsights_sitenote_note":"","_monsterinsights_sitenote_category":0,"_uf_show_specific_survey":0,"_uf_disable_surveys":false,"footnotes":""},"categories":[212,4440,4506,4504],"tags":[],"class_list":["post-69453","post","type-post","status-publish","format-standard","has-post-thumbnail","hentry","category-breaking-news","category-networking","category-projets-immo","category-resilience-agri"],"acf":[],"_links":{"self":[{"href":"https:\/\/immo.lecourrier.es\/index.php\/wp-json\/wp\/v2\/posts\/69453","targetHints":{"allow":["GET"]}}],"collection":[{"href":"https:\/\/immo.lecourrier.es\/index.php\/wp-json\/wp\/v2\/posts"}],"about":[{"href":"https:\/\/immo.lecourrier.es\/index.php\/wp-json\/wp\/v2\/types\/post"}],"author":[{"embeddable":true,"href":"https:\/\/immo.lecourrier.es\/index.php\/wp-json\/wp\/v2\/users\/13"}],"replies":[{"embeddable":true,"href":"https:\/\/immo.lecourrier.es\/index.php\/wp-json\/wp\/v2\/comments?post=69453"}],"version-history":[{"count":0,"href":"https:\/\/immo.lecourrier.es\/index.php\/wp-json\/wp\/v2\/posts\/69453\/revisions"}],"wp:featuredmedia":[{"embeddable":true,"href":"https:\/\/immo.lecourrier.es\/index.php\/wp-json\/wp\/v2\/media\/25367"}],"wp:attachment":[{"href":"https:\/\/immo.lecourrier.es\/index.php\/wp-json\/wp\/v2\/media?parent=69453"}],"wp:term":[{"taxonomy":"category","embeddable":true,"href":"https:\/\/immo.lecourrier.es\/index.php\/wp-json\/wp\/v2\/categories?post=69453"},{"taxonomy":"post_tag","embeddable":true,"href":"https:\/\/immo.lecourrier.es\/index.php\/wp-json\/wp\/v2\/tags?post=69453"}],"curies":[{"name":"wp","href":"https:\/\/api.w.org\/{rel}","templated":true}]}}