{"id":69449,"date":"2026-03-08T23:41:44","date_gmt":"2026-03-08T23:41:44","guid":{"rendered":"https:\/\/immo.lecourrier.es\/index.php\/2026\/03\/08\/portaventura-achete-lhotel-piramide-de-salou-pour-18-millions-deuros-2\/"},"modified":"2026-04-25T06:58:48","modified_gmt":"2026-04-25T06:58:48","slug":"portaventura-achete-lhotel-piramide-de-salou-pour-18-millions-deuros-2","status":"publish","type":"post","link":"https:\/\/immo.lecourrier.es\/index.php\/2026\/03\/08\/portaventura-achete-lhotel-piramide-de-salou-pour-18-millions-deuros-2\/","title":{"rendered":"PortAventura ach\u00e8te l&#8217;h\u00f4tel Pir\u00e1mide de Salou pour 18 millions d&#8217;euros"},"content":{"rendered":"<p><span dir=\"auto\" style=\"vertical-align: inherit\"><span dir=\"auto\" style=\"vertical-align: inherit\"><\/p>\n<p>L&#8217;\u00e9tablissement, qui compte 230 chambres et une cat\u00e9gorie quatre \u00e9toiles, sera r\u00e9nov\u00e9 avec un investissement de quatre millions d&#8217;euros. C&#8217;est le deuxi\u00e8me h\u00f4tel que PortAventura ach\u00e8te cette ann\u00e9e, apr\u00e8s l&#8217;h\u00f4tel Atenea de Vila-Seca.<\/p>\n<p>PortAventura Hotel Piramide PortAventura World s&#8217;\u00e9tend au-del\u00e0 du parc. Le complexe touristique et d&#8217;attractions de Vila-Seca et Salou (Tarragone) a achet\u00e9 l&#8217;h\u00f4tel Pir\u00e1mide, \u00e0 Salou, \u00e0 Aliseda Inmobiliaria, pour environ 18 millions d&#8217;euros, selon Expansi\u00f3n. L&#8217;\u00e9tablissement, g\u00e9r\u00e9 jusqu&#8217;\u00e0 pr\u00e9sent par la cha\u00eene MedPlaya, dispose de quatre \u00e9toiles et de 230 chambres. <\/p>\n<p>PortAventura pr\u00e9voit d&#8217;investir quatre millions d&#8217;euros dans sa mise \u00e0 jour. Il s&#8217;agit du deuxi\u00e8me \u00e9tablissement que PortAventura acquiert cette ann\u00e9e, apr\u00e8s l&#8217;achat de l&#8217;h\u00f4tel Atenta, \u00e0 Vila-seca, en mai dernier. Les plans de la soci\u00e9t\u00e9 sont d&#8217;\u00e9largir l&#8217;offre h\u00f4teli\u00e8re \u00e0 l&#8217;avenir avec ce type d&#8217;accords d&#8217;acquisition ou de gestion avec des h\u00f4tels proches du parc. Actuellement, le complexe de loisirs compte huit \u00e9tablissements totalisant 2 700 chambres.<\/p>\n<p> Port Aventura pr\u00e9voit d&#8217;atteindre 5,3 millions de visiteurs cette ann\u00e9e et d&#8217;ajouter un total de 408 000 nuit\u00e9es.<\/p>\n<p><\/span><\/span><\/p>\n","protected":false},"excerpt":{"rendered":"<p>L&#8217;\u00e9tablissement, qui compte 230 chambres et une cat\u00e9gorie quatre \u00e9toiles, sera r\u00e9nov\u00e9 avec un investissement de quatre millions d&#8217;euros. C&#8217;est le deuxi\u00e8me h\u00f4tel que PortAventura ach\u00e8te cette ann\u00e9e, apr\u00e8s l&#8217;h\u00f4tel Atenea de Vila-Seca. PortAventura Hotel Piramide PortAventura World s&#8217;\u00e9tend au-del\u00e0 du parc. Le complexe touristique et d&#8217;attractions de Vila-Seca et Salou (Tarragone) a achet\u00e9 l&#8217;h\u00f4tel [&hellip;]<\/p>\n","protected":false},"author":13,"featured_media":25358,"comment_status":"open","ping_status":"closed","sticky":false,"template":"","format":"standard","meta":{"om_disable_all_campaigns":false,"_monsterinsights_skip_tracking":false,"_monsterinsights_sitenote_active":false,"_monsterinsights_sitenote_note":"","_monsterinsights_sitenote_category":0,"_uf_show_specific_survey":0,"_uf_disable_surveys":false,"footnotes":""},"categories":[212,258],"tags":[],"class_list":["post-69449","post","type-post","status-publish","format-standard","has-post-thumbnail","hentry","category-breaking-news","category-hotels-living"],"acf":[],"_links":{"self":[{"href":"https:\/\/immo.lecourrier.es\/index.php\/wp-json\/wp\/v2\/posts\/69449","targetHints":{"allow":["GET"]}}],"collection":[{"href":"https:\/\/immo.lecourrier.es\/index.php\/wp-json\/wp\/v2\/posts"}],"about":[{"href":"https:\/\/immo.lecourrier.es\/index.php\/wp-json\/wp\/v2\/types\/post"}],"author":[{"embeddable":true,"href":"https:\/\/immo.lecourrier.es\/index.php\/wp-json\/wp\/v2\/users\/13"}],"replies":[{"embeddable":true,"href":"https:\/\/immo.lecourrier.es\/index.php\/wp-json\/wp\/v2\/comments?post=69449"}],"version-history":[{"count":0,"href":"https:\/\/immo.lecourrier.es\/index.php\/wp-json\/wp\/v2\/posts\/69449\/revisions"}],"wp:featuredmedia":[{"embeddable":true,"href":"https:\/\/immo.lecourrier.es\/index.php\/wp-json\/wp\/v2\/media\/25358"}],"wp:attachment":[{"href":"https:\/\/immo.lecourrier.es\/index.php\/wp-json\/wp\/v2\/media?parent=69449"}],"wp:term":[{"taxonomy":"category","embeddable":true,"href":"https:\/\/immo.lecourrier.es\/index.php\/wp-json\/wp\/v2\/categories?post=69449"},{"taxonomy":"post_tag","embeddable":true,"href":"https:\/\/immo.lecourrier.es\/index.php\/wp-json\/wp\/v2\/tags?post=69449"}],"curies":[{"name":"wp","href":"https:\/\/api.w.org\/{rel}","templated":true}]}}