{"id":69447,"date":"2026-03-08T23:41:33","date_gmt":"2026-03-08T23:41:33","guid":{"rendered":"https:\/\/immo.lecourrier.es\/index.php\/2026\/03\/08\/madrid-le-nuevo-eldorado-de-los-centros-de-datos-en-europa-2\/"},"modified":"2026-04-25T06:58:46","modified_gmt":"2026-04-25T06:58:46","slug":"madrid-le-nuevo-eldorado-de-los-centros-de-datos-en-europa-2","status":"publish","type":"post","link":"https:\/\/immo.lecourrier.es\/index.php\/2026\/03\/08\/madrid-le-nuevo-eldorado-de-los-centros-de-datos-en-europa-2\/","title":{"rendered":"Madrid, le nuevo Eldorado de los centros de datos en Europa"},"content":{"rendered":"<p><span dir=\"auto\" style=\"vertical-align: inherit\"><span dir=\"auto\" style=\"vertical-align: inherit\"><\/p>\n<p>La zone m\u00e9tropolitaine de Madrid se convertit en une zone prioritaire pour les technologies, que demande des centres de donn\u00e9es pour ses \u00e9quipes.<\/p>\n<p>2022&nbsp;: Centres de donn\u00e9es Los centros de datos est\u00e1n de moda y si se proyectan en Espa\u00f1a, a\u00fan m\u00e1s. Madrid se ha convertido en el nuevo Eldorado para los &#8216;data centers&#8217; con proyectos que, si se llevan todos a cabo, le permitir\u00e1n a la ciudad alcanzar los 400 megavatios (MW) en dos a\u00f1os, frente a los 72 MW que actualmente hay en Mars. <\/p>\n<p>\u00c0 Barcelone, el crecimiento a\u00fan ser\u00e1 m\u00e1s important, porque las estimaciones son que alcance los 100 MW instalados en dos a\u00f1os, frente a los 17 MW of the actualidad. <\/p>\n<p>\u00c0 Madrid se trouve dando un ph\u00e9nom\u00e8ne difficilement reproductible&nbsp;: tous les grands groupes (Meta, Amazon, Microsoft, Google, IBM et Oracle) les centres de donn\u00e9es, van a estar ocupados. Le mercado de los centros de datos est domin\u00e9 par quatre villes en Europe&nbsp;: Londres, Paris, Amsterdam et Francfort, bautizadas con el acr\u00f3nimo Flap. En estas plazas se concentran las grandes infraestructuras de datos, aunque poco a poco van apareciendo plazas secundarias con m\u00e1s peso, como es el caso de Madrid.juz<\/p>\n<p><\/span><\/span><\/p>\n","protected":false},"excerpt":{"rendered":"<p>La zone m\u00e9tropolitaine de Madrid se convertit en une zone prioritaire pour les technologies, que demande des centres de donn\u00e9es pour ses \u00e9quipes. 2022&nbsp;: Centres de donn\u00e9es Los centros de datos est\u00e1n de moda y si se proyectan en Espa\u00f1a, a\u00fan m\u00e1s. Madrid se ha convertido en el nuevo Eldorado para los &#8216;data centers&#8217; con [&hellip;]<\/p>\n","protected":false},"author":13,"featured_media":22927,"comment_status":"open","ping_status":"closed","sticky":false,"template":"","format":"standard","meta":{"om_disable_all_campaigns":false,"_monsterinsights_skip_tracking":false,"_monsterinsights_sitenote_active":false,"_monsterinsights_sitenote_note":"","_monsterinsights_sitenote_category":0,"_uf_show_specific_survey":0,"_uf_disable_surveys":false,"footnotes":""},"categories":[212,234],"tags":[],"class_list":["post-69447","post","type-post","status-publish","format-standard","has-post-thumbnail","hentry","category-breaking-news","category-logistique-retail"],"acf":[],"_links":{"self":[{"href":"https:\/\/immo.lecourrier.es\/index.php\/wp-json\/wp\/v2\/posts\/69447","targetHints":{"allow":["GET"]}}],"collection":[{"href":"https:\/\/immo.lecourrier.es\/index.php\/wp-json\/wp\/v2\/posts"}],"about":[{"href":"https:\/\/immo.lecourrier.es\/index.php\/wp-json\/wp\/v2\/types\/post"}],"author":[{"embeddable":true,"href":"https:\/\/immo.lecourrier.es\/index.php\/wp-json\/wp\/v2\/users\/13"}],"replies":[{"embeddable":true,"href":"https:\/\/immo.lecourrier.es\/index.php\/wp-json\/wp\/v2\/comments?post=69447"}],"version-history":[{"count":0,"href":"https:\/\/immo.lecourrier.es\/index.php\/wp-json\/wp\/v2\/posts\/69447\/revisions"}],"wp:featuredmedia":[{"embeddable":true,"href":"https:\/\/immo.lecourrier.es\/index.php\/wp-json\/wp\/v2\/media\/22927"}],"wp:attachment":[{"href":"https:\/\/immo.lecourrier.es\/index.php\/wp-json\/wp\/v2\/media?parent=69447"}],"wp:term":[{"taxonomy":"category","embeddable":true,"href":"https:\/\/immo.lecourrier.es\/index.php\/wp-json\/wp\/v2\/categories?post=69447"},{"taxonomy":"post_tag","embeddable":true,"href":"https:\/\/immo.lecourrier.es\/index.php\/wp-json\/wp\/v2\/tags?post=69447"}],"curies":[{"name":"wp","href":"https:\/\/api.w.org\/{rel}","templated":true}]}}