{"id":69444,"date":"2026-03-08T23:36:57","date_gmt":"2026-03-08T23:36:57","guid":{"rendered":"https:\/\/immo.lecourrier.es\/index.php\/2026\/03\/08\/universal-beach-hotels-rachete-lhotel-myseahouse-neptuno-a-palma-2\/"},"modified":"2026-04-25T06:53:41","modified_gmt":"2026-04-25T06:53:41","slug":"universal-beach-hotels-rachete-lhotel-myseahouse-neptuno-a-palma-2","status":"publish","type":"post","link":"https:\/\/immo.lecourrier.es\/index.php\/2026\/03\/08\/universal-beach-hotels-rachete-lhotel-myseahouse-neptuno-a-palma-2\/","title":{"rendered":"Universal Beach Hotels rach\u00e8te l&#8217;h\u00f4tel MySeaHouse Neptuno \u00e0 Palma"},"content":{"rendered":"<p><span dir=\"auto\" style=\"vertical-align: inherit\"><span dir=\"auto\" style=\"vertical-align: inherit\"><\/p>\n<p><em>L&#8217;\u00e9tablissement, situ\u00e9 \u00e0 Playa de Palma, est de cat\u00e9gorie quatre \u00e9toiles et compte 114 chambres au total. La cha\u00eene pr\u00e9voit de proc\u00e9der \u00e0 un repositionnement de l&#8217;h\u00f4tel, auquel elle consacrera entre cinq et six millions d&#8217;euros.<\/em><\/p>\n<p>Universal Beach Hotels rach\u00e8te l&#8217;h\u00f4tel MySeaHouse Neptuno \u00e0 Palma Une op\u00e9ration notable dans le secteur h\u00f4telier des Bal\u00e9ares. La cha\u00eene majorquine Universal Beach Hotels a acquis l&#8217;h\u00f4tel MySeaHouse Neptuno, situ\u00e9 \u00e0 Playa de Palma, sur le front de mer de la capitale des Bal\u00e9ares, selon le communiqu\u00e9 envoy\u00e9 par la soci\u00e9t\u00e9. <\/p>\n<p>L&#8217;\u00e9tablissement est de cat\u00e9gorie quatre \u00e9toiles et compte 114 chambres au total. L&#8217;op\u00e9ration, dont ni le prix ni l&#8217;identit\u00e9 du vendeur n&#8217;ont \u00e9t\u00e9 divulgu\u00e9s, a \u00e9t\u00e9 r\u00e9alis\u00e9e au cours des derni\u00e8res \u00e9tapes de 2022. Le processus de vente a \u00e9t\u00e9 exclusivement conseill\u00e9 par Colliers et implique le changement de propri\u00e9taire et de gestion de cet actif h\u00f4telier. <\/p>\n<p>Universal Beach Hotels pr\u00e9voit de proc\u00e9der \u00e0 une r\u00e9novation de la MySeaHouse Neptuno, un investissement estim\u00e9 entre cinq et six millions d&#8217;euros, qui sera r\u00e9alis\u00e9e au cours de l&#8217;hiver prochain. L&#8217;objectif du repositionnement est de mettre \u00e0 jour la conception et les installations selon les normes de la marque Universal Beach Hotels. <\/p>\n<p>&#8220;Nous sommes fiers d&#8217;inclure cet h\u00f4tel embl\u00e9matique \u00e0 Playa de Palma, une zone tr\u00e8s demand\u00e9e que nous n&#8217;avions pas encore dans notre portefeuille&#8221;, d\u00e9clare Yannik Erhart, directeur g\u00e9n\u00e9ral d&#8217;Universal Beach Hotels, qui souligne \u00e9galement que l&#8217;\u00e9tablissement &#8220;s&#8217;adapte parfaitement aux standards de notre cha\u00eene, situ\u00e9 dans un emplacement privil\u00e9gi\u00e9 face \u00e0 la mer et \u00e9tant l&#8217;un des h\u00f4tels les plus historiques de la r\u00e9gion \u00bb, d\u00e9clare Erhart. <\/p>\n<p><strong>L&#8217;op\u00e9ration, dont ni le prix ni l&#8217;identit\u00e9 du vendeur n&#8217;ont \u00e9t\u00e9 r\u00e9v\u00e9l\u00e9s, a \u00e9t\u00e9 r\u00e9alis\u00e9e lors des derniers bars de 2022<\/strong>. Universal Beach Hotels a \u00e9t\u00e9 fond\u00e9 par le suisse Alfred Erhart en 1963, avec l&#8217;acquisition de l&#8217;h\u00f4tel Aquamarin \u00e0 Sant Elm, qui a marqu\u00e9 le d\u00e9but de l&#8217;activit\u00e9 de l&#8217;entreprise. Actuellement, la cha\u00eene exploite 17 complexes touristiques \u00e0 Majorque, avec plus de 4 000 lits. <\/p>\n<p>Cette op\u00e9ration renforce la maxime selon laquelle, en 2022, la location saisonni\u00e8re s&#8217;est \u00e0 nouveau impos\u00e9e comme un protagoniste de l&#8217;investissement h\u00f4telier. <\/p>\n<p>Les \u00e9tablissements situ\u00e9s dans des enclaves touristiques en dehors des grandes villes captent 59% des investissements totaux du segment en 2022, qui s&#8217;\u00e9l\u00e8vent \u00e0 1 665 millions d&#8217;euros, selon le rapport H Refcon 2022 publi\u00e9 par Colliers. Le consultant souligne que les pr\u00e8s de 1 700 millions investis dans l&#8217;ann\u00e9e ont servi \u00e0 r\u00e9nover ou construire 172 h\u00f4tels et pr\u00e8s de 26 000 chambres. 56% de ce volume, 927 millions d&#8217;euros, a \u00e9t\u00e9 concentr\u00e9 dans 78 projets (7 350 chambres) de constructions neuves ou de reconversions pour cause de changement d&#8217;affectation<\/p>\n<p><\/span><\/span><\/p>\n","protected":false},"excerpt":{"rendered":"<p>L&#8217;\u00e9tablissement, situ\u00e9 \u00e0 Playa de Palma, est de cat\u00e9gorie quatre \u00e9toiles et compte 114 chambres au total. La cha\u00eene pr\u00e9voit de proc\u00e9der \u00e0 un repositionnement de l&#8217;h\u00f4tel, auquel elle consacrera entre cinq et six millions d&#8217;euros. Universal Beach Hotels rach\u00e8te l&#8217;h\u00f4tel MySeaHouse Neptuno \u00e0 Palma Une op\u00e9ration notable dans le secteur h\u00f4telier des Bal\u00e9ares. La [&hellip;]<\/p>\n","protected":false},"author":13,"featured_media":25343,"comment_status":"open","ping_status":"closed","sticky":false,"template":"","format":"standard","meta":{"om_disable_all_campaigns":false,"_monsterinsights_skip_tracking":false,"_monsterinsights_sitenote_active":false,"_monsterinsights_sitenote_note":"","_monsterinsights_sitenote_category":0,"_uf_show_specific_survey":0,"_uf_disable_surveys":false,"footnotes":""},"categories":[212],"tags":[],"class_list":["post-69444","post","type-post","status-publish","format-standard","has-post-thumbnail","hentry","category-breaking-news"],"acf":[],"_links":{"self":[{"href":"https:\/\/immo.lecourrier.es\/index.php\/wp-json\/wp\/v2\/posts\/69444","targetHints":{"allow":["GET"]}}],"collection":[{"href":"https:\/\/immo.lecourrier.es\/index.php\/wp-json\/wp\/v2\/posts"}],"about":[{"href":"https:\/\/immo.lecourrier.es\/index.php\/wp-json\/wp\/v2\/types\/post"}],"author":[{"embeddable":true,"href":"https:\/\/immo.lecourrier.es\/index.php\/wp-json\/wp\/v2\/users\/13"}],"replies":[{"embeddable":true,"href":"https:\/\/immo.lecourrier.es\/index.php\/wp-json\/wp\/v2\/comments?post=69444"}],"version-history":[{"count":0,"href":"https:\/\/immo.lecourrier.es\/index.php\/wp-json\/wp\/v2\/posts\/69444\/revisions"}],"wp:featuredmedia":[{"embeddable":true,"href":"https:\/\/immo.lecourrier.es\/index.php\/wp-json\/wp\/v2\/media\/25343"}],"wp:attachment":[{"href":"https:\/\/immo.lecourrier.es\/index.php\/wp-json\/wp\/v2\/media?parent=69444"}],"wp:term":[{"taxonomy":"category","embeddable":true,"href":"https:\/\/immo.lecourrier.es\/index.php\/wp-json\/wp\/v2\/categories?post=69444"},{"taxonomy":"post_tag","embeddable":true,"href":"https:\/\/immo.lecourrier.es\/index.php\/wp-json\/wp\/v2\/tags?post=69444"}],"curies":[{"name":"wp","href":"https:\/\/api.w.org\/{rel}","templated":true}]}}