{"id":69434,"date":"2026-03-08T23:27:36","date_gmt":"2026-03-08T23:27:36","guid":{"rendered":"https:\/\/immo.lecourrier.es\/index.php\/2026\/03\/08\/vous-pouvez-desormais-consulter-le-certificat-energetique-de-nimporte-quelle-maison-dans-plus-de-la-moitie-de-lespagne-2\/"},"modified":"2026-04-25T06:44:04","modified_gmt":"2026-04-25T06:44:04","slug":"vous-pouvez-desormais-consulter-le-certificat-energetique-de-nimporte-quelle-maison-dans-plus-de-la-moitie-de-lespagne-2","status":"publish","type":"post","link":"https:\/\/immo.lecourrier.es\/index.php\/2026\/03\/08\/vous-pouvez-desormais-consulter-le-certificat-energetique-de-nimporte-quelle-maison-dans-plus-de-la-moitie-de-lespagne-2\/","title":{"rendered":"Vous pouvez d\u00e9sormais consulter le certificat \u00e9nerg\u00e9tique de n&#8217;importe quelle maison dans plus de la moiti\u00e9 de l&#8217;Espagne"},"content":{"rendered":"<p><span dir=\"auto\" style=\"vertical-align: inherit\"><span dir=\"auto\" style=\"vertical-align: inherit\"><\/p>\n<p>(Idealista News)<\/p>\n<p><em>Tout au long de cette ann\u00e9e, le certificat de toute propri\u00e9t\u00e9 r\u00e9sidentielle ou tertiaire du pays peut \u00eatre consult\u00e9 sur un portail promu par MITECO.<br \/><\/em><br \/>Le certificat \u00e9nerg\u00e9tique de plus de la moiti\u00e9 des logements en Espagne peut d\u00e9sormais \u00eatre consult\u00e9 en ligne et gratuitement.<\/p>\n<p>En ao\u00fbt, le minist\u00e8re de la Transition \u00e9cologique et du D\u00e9fi d\u00e9mographique (MITECO) a lanc\u00e9 le g\u00e9oportail \u00ab&nbsp;B\u00e2timents efficaces&nbsp;\u00bb avec des informations sur les certificats \u00e9nerg\u00e9tiques des b\u00e2timents et des propri\u00e9t\u00e9s, tant r\u00e9sidentiels que tertiaires, avec une version pilote en Castilla y Le\u00f3n . Apr\u00e8s le succ\u00e8s du test, l&#8217;outil inclut d\u00e9sormais les donn\u00e9es de 11 communaut\u00e9s autonomes.<\/p>\n<p>Plus pr\u00e9cis\u00e9ment, les donn\u00e9es d&#8217;Aragon, des Asturies, de Castille-La Manche, de Castille et Le\u00f3n, de Catalogne, d&#8217;Estr\u00e9madure, de Galice, de La Rioja, de Madrid, de Murcie et du Pays basque peuvent d\u00e9sormais \u00eatre consult\u00e9es. La Communaut\u00e9 valencienne et l&#8217;Andalousie int\u00e9greront leurs donn\u00e9es sous peu, et le gouvernement s&#8217;attend \u00e0 ce que le reste des r\u00e9gions int\u00e8gre leurs donn\u00e9es au cours de cette 2023.<\/p>\n<p>idealista\/data a apport\u00e9 son soutien \u00e0 la pr\u00e9paration de cette plateforme, avec laquelle il est pr\u00e9vu de promouvoir des actions d&#8217;efficacit\u00e9 \u00e9nerg\u00e9tique, telles que des r\u00e9novations, et d&#8217;am\u00e9liorer l&#8217;information sur le secteur immobilier, pour l&#8217;achat, la vente ou la location de logements.<\/p>\n<p>S&#8217;ils ont un certificat, il est indiqu\u00e9 s&#8217;il est expir\u00e9, et s&#8217;ils ne l&#8217;ont pas encore, une estimation de ce qu&#8217;ils peuvent avoir est fournie. &#8220;Le portail montre \u00e9galement une photographie de la propri\u00e9t\u00e9 et comprend des liens vers le site Web sur la certification \u00e9nerg\u00e9tique des b\u00e2timents de la communaut\u00e9 autonome et vers le site Web d&#8217;aide \u00e0 la r\u00e9habilitation \u00e9nerg\u00e9tique, ainsi que des conseils pour r\u00e9duire la consommation d&#8217;\u00e9nergie et les \u00e9missions de CO2&#8221;, affirmer de le minist\u00e8re dirig\u00e9 par Teresa Ribera.<\/p>\n<p>Le g\u00e9oportail permet d&#8217;acc\u00e9der \u00e0 la carte de chaque localit\u00e9 et de conna\u00eetre graphiquement, en suivant le code officiel de couleurs et de lettres de l&#8217;\u00e9tiquetage \u00e9nerg\u00e9tique des b\u00e2timents (de la lettre A \u00e0 la lettre G et du vert fonc\u00e9 au rouge), le certificat qui correspond \u00e0 chaque maison d&#8217;un m\u00eame immeuble.<\/p>\n<p>En plus d&#8217;\u00eatre utile pour la vente ou la location de maisons, il est \u00e9galement utile pour d&#8217;autres activit\u00e9s des entreprises de construction, des installateurs, des services de maintenance, des services financiers ou des studios d&#8217;architecture, entre autres.<\/p>\n<p>Fin 2021, en Espagne, il y avait 4,6 millions de certificats \u00e9nerg\u00e9tiques pour les b\u00e2timents. La Catalogne occupe la premi\u00e8re place du classement r\u00e9gional, avec 1,13 million de certificats, suivie de Madrid et de la Communaut\u00e9 valencienne, avec respectivement 730 000 et 720 000 certificats.<\/p>\n<p>Les CCAA sont les administrations comp\u00e9tentes pour enregistrer et collecter les informations relatives aux certificats d&#8217;efficacit\u00e9 \u00e9nerg\u00e9tique des b\u00e2timents. Le d\u00e9cret royal 390\/2021, du 1er juin, \u00e9tablit que les certificats enregistr\u00e9s seront collect\u00e9s dans un registre centralis\u00e9, d\u00e9j\u00e0 d\u00e9velopp\u00e9 et g\u00e9r\u00e9 par MITECO.<\/p>\n<p>L&#8217;Espagne a un taux annuel de r\u00e9habilitation des b\u00e2timents huit \u00e0 dix fois inf\u00e9rieur \u00e0 celui des principaux pays europ\u00e9ens. Pour cette raison, le gouvernement a \u00e9labor\u00e9 une strat\u00e9gie \u00e0 long terme de r\u00e9habilitation \u00e9nerg\u00e9tique avec diff\u00e9rentes lignes de soutien, avec 6 820 millions d&#8217;euros pour les secteurs priv\u00e9 et public et 1 070 millions suppl\u00e9mentaires exclusivement pour l&#8217;administration centrale. La r\u00e9habilitation immobili\u00e8re est en effet l&#8217;un des piliers du Plan de relance, de transformation et de r\u00e9silience, puisqu&#8217;elle repr\u00e9sente le deuxi\u00e8me poste budg\u00e9taire des fonds europ\u00e9ens, seulement d\u00e9pass\u00e9 par la mobilit\u00e9 durable.<\/p>\n<p>Obtenez votre certificat \u00e9nerg\u00e9tique maintenant avec idealista<\/p>\n<p>Demandez-nous et en moins de 24 heures ouvrables un technicien vous appellera pour fixer un rendez-vous et visiter votre propri\u00e9t\u00e9. Dans les 48 heures ouvrables suivant la visite, vous recevrez le certificat. S\u00fbr, facile et rapide.<\/p>\n<p><\/span><\/span><\/p>\n","protected":false},"excerpt":{"rendered":"<p>(Idealista News) Tout au long de cette ann\u00e9e, le certificat de toute propri\u00e9t\u00e9 r\u00e9sidentielle ou tertiaire du pays peut \u00eatre consult\u00e9 sur un portail promu par MITECO.Le certificat \u00e9nerg\u00e9tique de plus de la moiti\u00e9 des logements en Espagne peut d\u00e9sormais \u00eatre consult\u00e9 en ligne et gratuitement. En ao\u00fbt, le minist\u00e8re de la Transition \u00e9cologique et [&hellip;]<\/p>\n","protected":false},"author":13,"featured_media":25300,"comment_status":"open","ping_status":"closed","sticky":false,"template":"","format":"standard","meta":{"om_disable_all_campaigns":false,"_monsterinsights_skip_tracking":false,"_monsterinsights_sitenote_active":false,"_monsterinsights_sitenote_note":"","_monsterinsights_sitenote_category":0,"_uf_show_specific_survey":0,"_uf_disable_surveys":false,"footnotes":""},"categories":[212,4504],"tags":[],"class_list":["post-69434","post","type-post","status-publish","format-standard","has-post-thumbnail","hentry","category-breaking-news","category-resilience-agri"],"acf":[],"_links":{"self":[{"href":"https:\/\/immo.lecourrier.es\/index.php\/wp-json\/wp\/v2\/posts\/69434","targetHints":{"allow":["GET"]}}],"collection":[{"href":"https:\/\/immo.lecourrier.es\/index.php\/wp-json\/wp\/v2\/posts"}],"about":[{"href":"https:\/\/immo.lecourrier.es\/index.php\/wp-json\/wp\/v2\/types\/post"}],"author":[{"embeddable":true,"href":"https:\/\/immo.lecourrier.es\/index.php\/wp-json\/wp\/v2\/users\/13"}],"replies":[{"embeddable":true,"href":"https:\/\/immo.lecourrier.es\/index.php\/wp-json\/wp\/v2\/comments?post=69434"}],"version-history":[{"count":0,"href":"https:\/\/immo.lecourrier.es\/index.php\/wp-json\/wp\/v2\/posts\/69434\/revisions"}],"wp:featuredmedia":[{"embeddable":true,"href":"https:\/\/immo.lecourrier.es\/index.php\/wp-json\/wp\/v2\/media\/25300"}],"wp:attachment":[{"href":"https:\/\/immo.lecourrier.es\/index.php\/wp-json\/wp\/v2\/media?parent=69434"}],"wp:term":[{"taxonomy":"category","embeddable":true,"href":"https:\/\/immo.lecourrier.es\/index.php\/wp-json\/wp\/v2\/categories?post=69434"},{"taxonomy":"post_tag","embeddable":true,"href":"https:\/\/immo.lecourrier.es\/index.php\/wp-json\/wp\/v2\/tags?post=69434"}],"curies":[{"name":"wp","href":"https:\/\/api.w.org\/{rel}","templated":true}]}}