{"id":69433,"date":"2026-03-08T23:27:28","date_gmt":"2026-03-08T23:27:28","guid":{"rendered":"https:\/\/immo.lecourrier.es\/index.php\/2026\/03\/08\/le-francais-elialys-achete-des-bureaux-a-valladolid-pour-195-millions-deuros-2\/"},"modified":"2026-04-25T06:44:04","modified_gmt":"2026-04-25T06:44:04","slug":"le-francais-elialys-achete-des-bureaux-a-valladolid-pour-195-millions-deuros-2","status":"publish","type":"post","link":"https:\/\/immo.lecourrier.es\/index.php\/2026\/03\/08\/le-francais-elialys-achete-des-bureaux-a-valladolid-pour-195-millions-deuros-2\/","title":{"rendered":"Le fran\u00e7ais Elialys ach\u00e8te des bureaux \u00e0 Valladolid pour 19,5 millions d&#8217;euros"},"content":{"rendered":"<p><span dir=\"auto\" style=\"vertical-align: inherit\"><span dir=\"auto\" style=\"vertical-align: inherit\"><\/p>\n<p>La soci\u00e9t\u00e9 de gestion Advenis acquiert un manoir de 5 092 m\u00e8tres carr\u00e9s qui abrite le si\u00e8ge de la Bbva en Castille-Le\u00f3n depuis les ann\u00e9es 1970. Il s&#8217;agit du deuxi\u00e8me investissement d&#8217;Elialys sur le march\u00e9 espagnol.<br \/>Advenis investit \u00e0 Valladolid. <\/p>\n<p>Le gestionnaire fran\u00e7ais Advenis IM investit \u00e0 nouveau en Espagne. Par l&#8217;interm\u00e9diaire de la soci\u00e9t\u00e9 immobili\u00e8re Elialys, elle a investi 19,5 millions d&#8217;euros dans l&#8217;acquisition aupr\u00e8s d&#8217;un investisseur priv\u00e9 de l&#8217;immeuble qui abrite le si\u00e8ge r\u00e9gional de Castilla-Le\u00f3n de Bbva, situ\u00e9 \u00e0 Valladolid. <\/p>\n<p>C&#8217;est un complexe avec deux b\u00e2timents ind\u00e9pendants. El Palacete, \u00e9galement connu sous le nom de Palacio de Ortiz Vega, a \u00e9t\u00e9 construit en 1860, est le b\u00e2timent principal et poss\u00e8de une annexe construite dans les ann\u00e9es 1970. <\/p>\n<p>L&#8217;int\u00e9rieur du palais a \u00e9t\u00e9 r\u00e9cemment r\u00e9nov\u00e9 et sert de bureau commercial, tandis que le b\u00e2timent attenant est utilis\u00e9 pour des \u00e9v\u00e9nements institutionnels, un centre de formation et un bureau pour les employ\u00e9s. Au total, la propri\u00e9t\u00e9 mesure 5 092 m\u00e8tres carr\u00e9s et dispose d&#8217;une quinzaine de places de parking, ainsi que d&#8217;un grand jardin. L&#8217;op\u00e9ration a \u00e9t\u00e9 conseill\u00e9e par les cabinets de conseil RPE Capital Markets et Variant RealEstate. <\/p>\n<p>Cet investissement permet \u00e0 Elialys de renforcer sa pr\u00e9sence sur le march\u00e9 de la location de bureaux sur le march\u00e9 espagnol, apr\u00e8s un premier achat \u00e0 Saragosse en f\u00e9vrier dernier. La Socimi a acquis un immeuble de bureaux de 6 160 m\u00e8tres carr\u00e9s \u00e0 proximit\u00e9 du centre historique de la capitale aragonaise pour 11,6 millions d&#8217;euros, enti\u00e8rement occup\u00e9 par un groupe \u00e9nerg\u00e9tique Advenis, via Elialys, a acquis en f\u00e9vrier un immeuble de bureaux \u00e0 Saragosse pour 11,6 millions d&#8217;euros Advenis manager est une soci\u00e9t\u00e9 sp\u00e9cialis\u00e9e dans la conception et la gestion de produits d&#8217;investissement immobilier fond\u00e9e en 1995. <\/p>\n<p>Elle op\u00e8re actuellement dans plus de trente villes en France, en Allemagne et en Espagne, et compte trois cents collaborateurs. &#8220;Cette op\u00e9ration montre qu&#8217;au-del\u00e0 de Madrid et de Barcelone, le march\u00e9 immobilier espagnol compte de nombreuses villes tr\u00e8s attractives pour les investisseurs internationaux&#8221;, a d\u00e9clar\u00e9 Pablo G\u00f3mez de la Vega, directeur du capital chez RPE Capital Markets. L&#8217;achat et la vente d&#8217;actifs immobiliers ont grimp\u00e9 en fl\u00e8che l&#8217;an dernier pour atteindre 16 073 millions d&#8217;euros, selon l&#8217;analyse pr\u00e9par\u00e9e par EjePrime. d&#8217;int\u00e9r\u00eat.<\/p>\n<p><\/span><\/span><\/p>\n","protected":false},"excerpt":{"rendered":"<p>La soci\u00e9t\u00e9 de gestion Advenis acquiert un manoir de 5 092 m\u00e8tres carr\u00e9s qui abrite le si\u00e8ge de la Bbva en Castille-Le\u00f3n depuis les ann\u00e9es 1970. Il s&#8217;agit du deuxi\u00e8me investissement d&#8217;Elialys sur le march\u00e9 espagnol.Advenis investit \u00e0 Valladolid. Le gestionnaire fran\u00e7ais Advenis IM investit \u00e0 nouveau en Espagne. Par l&#8217;interm\u00e9diaire de la soci\u00e9t\u00e9 immobili\u00e8re [&hellip;]<\/p>\n","protected":false},"author":13,"featured_media":25297,"comment_status":"open","ping_status":"closed","sticky":false,"template":"","format":"standard","meta":{"om_disable_all_campaigns":false,"_monsterinsights_skip_tracking":false,"_monsterinsights_sitenote_active":false,"_monsterinsights_sitenote_note":"","_monsterinsights_sitenote_category":0,"_uf_show_specific_survey":0,"_uf_disable_surveys":false,"footnotes":""},"categories":[212],"tags":[],"class_list":["post-69433","post","type-post","status-publish","format-standard","has-post-thumbnail","hentry","category-breaking-news"],"acf":[],"_links":{"self":[{"href":"https:\/\/immo.lecourrier.es\/index.php\/wp-json\/wp\/v2\/posts\/69433","targetHints":{"allow":["GET"]}}],"collection":[{"href":"https:\/\/immo.lecourrier.es\/index.php\/wp-json\/wp\/v2\/posts"}],"about":[{"href":"https:\/\/immo.lecourrier.es\/index.php\/wp-json\/wp\/v2\/types\/post"}],"author":[{"embeddable":true,"href":"https:\/\/immo.lecourrier.es\/index.php\/wp-json\/wp\/v2\/users\/13"}],"replies":[{"embeddable":true,"href":"https:\/\/immo.lecourrier.es\/index.php\/wp-json\/wp\/v2\/comments?post=69433"}],"version-history":[{"count":0,"href":"https:\/\/immo.lecourrier.es\/index.php\/wp-json\/wp\/v2\/posts\/69433\/revisions"}],"wp:featuredmedia":[{"embeddable":true,"href":"https:\/\/immo.lecourrier.es\/index.php\/wp-json\/wp\/v2\/media\/25297"}],"wp:attachment":[{"href":"https:\/\/immo.lecourrier.es\/index.php\/wp-json\/wp\/v2\/media?parent=69433"}],"wp:term":[{"taxonomy":"category","embeddable":true,"href":"https:\/\/immo.lecourrier.es\/index.php\/wp-json\/wp\/v2\/categories?post=69433"},{"taxonomy":"post_tag","embeddable":true,"href":"https:\/\/immo.lecourrier.es\/index.php\/wp-json\/wp\/v2\/tags?post=69433"}],"curies":[{"name":"wp","href":"https:\/\/api.w.org\/{rel}","templated":true}]}}