{"id":69431,"date":"2026-03-08T23:27:10","date_gmt":"2026-03-08T23:27:10","guid":{"rendered":"https:\/\/immo.lecourrier.es\/index.php\/2026\/03\/08\/la-deuxieme-soiree-de-limmobilier-de-madrid-revient-le-2-fevrier-2\/"},"modified":"2026-04-25T06:44:02","modified_gmt":"2026-04-25T06:44:02","slug":"la-deuxieme-soiree-de-limmobilier-de-madrid-revient-le-2-fevrier-2","status":"publish","type":"post","link":"https:\/\/immo.lecourrier.es\/index.php\/2026\/03\/08\/la-deuxieme-soiree-de-limmobilier-de-madrid-revient-le-2-fevrier-2\/","title":{"rendered":"La deuxi\u00e8me &#8220;Soir\u00e9e de l&#8217;immobilier&#8221; de Madrid revient le 2 f\u00e9vrier"},"content":{"rendered":"<p><span dir=\"auto\" style=\"vertical-align: inherit\"><span dir=\"auto\" style=\"vertical-align: inherit\"><\/p>\n<p>La 2\u00e8me \u00e9dition de la <strong><em>Soir\u00e9e de l&#8217;immobilier<\/em><\/strong> se d\u00e9roulera dans un lieu tr\u00e8s embl\u00e9matique de la capitale espagnole.<\/p>\n<p>Lors de cet \u00e9v\u00e9nement, nous pr\u00e9senterons deux entit\u00e9s fran\u00e7aises du secteur de l&#8217;immobilier qui viennent de planter leur drapeau \u00e0 Madrid et Barcelone pour un d\u00e9veloppement ib\u00e9rique. Et avec des moyens!<\/p>\n<p>Une belle occasion donc de se retrouver \u00e0 nouveau avec les acteurs hispano-fran\u00e7ais du secteur et bas\u00e9s en Espagne (banquiers, brokers, archi, assureurs, constructeurs, financiers, investisseurs, &#8230;)<\/p>\n<p>Il est possible de s&#8217;enregistrer sur le lien suivant: <a href=\"http:\/\/www.womms.com\/soireeimmo\">womms.com\/soireeimmo<\/a><\/p>\n<figure class=\"wp-block-gallery has-nested-images columns-default is-cropped wp-block-gallery-1 is-layout-flex wp-block-gallery-is-layout-flex\">\n<figure class=\"wp-block-image size-large\"><img decoding=\"async\" src=\"https:\/\/immo.lecourrier.es\/wp-content\/uploads\/2024\/04\/IMG_8904-1-1024x682.jpg\"><\/figure>\n<figure class=\"wp-block-image size-large\"><img decoding=\"async\" src=\"https:\/\/immo.lecourrier.es\/wp-content\/smush-webp\/2024\/04\/IMG_8878-2-1024x682.jpg.webp\"><\/figure>\n<figure class=\"wp-block-image size-large\"><img decoding=\"async\" src=\"https:\/\/immo.lecourrier.es\/wp-content\/smush-webp\/2024\/04\/IMG_8875-1-1024x682.jpg.webp\"><\/figure>\n<figure class=\"wp-block-image size-large\"><img decoding=\"async\" src=\"https:\/\/immo.lecourrier.es\/wp-content\/smush-webp\/2024\/04\/IMG_8873-1-1024x682.jpg.webp\"><\/figure>\n<figure class=\"wp-block-image size-large\"><img decoding=\"async\" src=\"https:\/\/immo.lecourrier.es\/wp-content\/smush-webp\/2024\/04\/IMG_8872-1024x695.jpg.webp\"><\/figure>\n<figure class=\"wp-block-image size-large\"><img decoding=\"async\" src=\"https:\/\/immo.lecourrier.es\/wp-content\/smush-webp\/2024\/04\/IMG_8870-1-1024x721.jpg.webp\"><\/figure>\n<figure class=\"wp-block-image size-large\"><img decoding=\"async\" src=\"https:\/\/immo.lecourrier.es\/wp-content\/smush-webp\/2024\/04\/IMG_8869-1-683x1024.jpg.webp\"><\/figure>\n<figure class=\"wp-block-image size-large\"><img decoding=\"async\" src=\"https:\/\/immo.lecourrier.es\/wp-content\/smush-webp\/2024\/04\/IMG_8868-1-1024x682.jpg.webp\"><\/figure>\n<figure class=\"wp-block-image size-large\"><img decoding=\"async\" src=\"https:\/\/immo.lecourrier.es\/wp-content\/smush-webp\/2024\/04\/IMG_8867-1-1024x751.jpg.webp\"><\/figure>\n<figure class=\"wp-block-image size-large\"><img decoding=\"async\" src=\"https:\/\/immo.lecourrier.es\/wp-content\/smush-webp\/2024\/04\/IMG_8866-1024x682.jpg.webp\"><\/figure>\n<figure class=\"wp-block-image size-large\"><img decoding=\"async\" src=\"https:\/\/immo.lecourrier.es\/wp-content\/smush-webp\/2024\/04\/IMG_8864-1-1024x682.jpg.webp\"><\/figure>\n<figure class=\"wp-block-image size-large\"><img decoding=\"async\" src=\"https:\/\/immo.lecourrier.es\/wp-content\/smush-webp\/2024\/04\/IMG_8861-1-1024x728.jpg.webp\"><\/figure>\n<figure class=\"wp-block-image size-large\"><img decoding=\"async\" src=\"https:\/\/immo.lecourrier.es\/wp-content\/smush-webp\/2024\/04\/IMG_8860-1-1024x863.jpg.webp\"><\/figure>\n<figure class=\"wp-block-image size-large\"><img decoding=\"async\" src=\"https:\/\/immo.lecourrier.es\/wp-content\/uploads\/2024\/04\/IMG_8891-888x1024.jpg\"><\/figure>\n<figure class=\"wp-block-image size-large\"><img decoding=\"async\" src=\"https:\/\/immo.lecourrier.es\/wp-content\/uploads\/2024\/04\/IMG_8893-1024x705.jpg\"><\/figure>\n<figure class=\"wp-block-image size-large\"><img decoding=\"async\" src=\"https:\/\/immo.lecourrier.es\/wp-content\/uploads\/2024\/04\/IMG_8904-1024x682.jpg\"><\/figure>\n<figure class=\"wp-block-image size-large\"><img decoding=\"async\" src=\"https:\/\/immo.lecourrier.es\/wp-content\/uploads\/2024\/04\/IMG_8894-1024x850.jpg\"><\/figure>\n<figure class=\"wp-block-image size-large\"><img decoding=\"async\" src=\"https:\/\/immo.lecourrier.es\/wp-content\/uploads\/2024\/04\/IMG_8905-1024x682.jpg\"><\/figure>\n<figure class=\"wp-block-image size-large\"><img decoding=\"async\" src=\"https:\/\/immo.lecourrier.es\/wp-content\/uploads\/2024\/04\/IMG_8898-1024x691.jpg\"><\/figure>\n<figure class=\"wp-block-image size-large\"><img decoding=\"async\" src=\"https:\/\/immo.lecourrier.es\/wp-content\/uploads\/2024\/04\/IMG_8882-1024x682.jpg\"><\/figure>\n<figure class=\"wp-block-image size-large\"><img decoding=\"async\" src=\"https:\/\/immo.lecourrier.es\/wp-content\/uploads\/2024\/04\/IMG_8903-1024x550.jpg\"><\/figure>\n<figure class=\"wp-block-image size-large\"><img decoding=\"async\" src=\"https:\/\/immo.lecourrier.es\/wp-content\/uploads\/2024\/04\/IMG_8900-1024x682.jpg\"><\/figure>\n<figure class=\"wp-block-image size-large\"><img decoding=\"async\" src=\"https:\/\/immo.lecourrier.es\/wp-content\/uploads\/2024\/04\/IMG_8892-1024x706.jpg\"><\/figure>\n<figure class=\"wp-block-image size-large\"><img decoding=\"async\" src=\"https:\/\/immo.lecourrier.es\/wp-content\/uploads\/2024\/04\/IMG_8896-1024x777.jpg\"><\/figure>\n<figure class=\"wp-block-image size-large\"><img decoding=\"async\" src=\"https:\/\/immo.lecourrier.es\/wp-content\/uploads\/2024\/04\/IMG_8889-1024x682.jpg\"><\/figure>\n<figure class=\"wp-block-image size-large\"><img decoding=\"async\" src=\"https:\/\/immo.lecourrier.es\/wp-content\/uploads\/2024\/04\/IMG_8887-1024x727.jpg\"><\/figure>\n<figure class=\"wp-block-image size-large\"><img decoding=\"async\" src=\"https:\/\/immo.lecourrier.es\/wp-content\/uploads\/2024\/04\/IMG_8890-1024x682.jpg\"><\/figure>\n<figure class=\"wp-block-image size-large\"><img decoding=\"async\" src=\"https:\/\/immo.lecourrier.es\/wp-content\/uploads\/2024\/04\/IMG_8881-1024x682.jpg\"><\/figure>\n<figure class=\"wp-block-image size-large\"><img decoding=\"async\" src=\"https:\/\/immo.lecourrier.es\/wp-content\/uploads\/2024\/04\/IMG_8888-1024x682.jpg\"><\/figure>\n<figure class=\"wp-block-image size-large\"><img decoding=\"async\" src=\"https:\/\/immo.lecourrier.es\/wp-content\/uploads\/2024\/04\/IMG_8899-773x1024.jpg\"><\/figure>\n<figure class=\"wp-block-image size-large\"><img decoding=\"async\" src=\"https:\/\/immo.lecourrier.es\/wp-content\/uploads\/2024\/04\/IMG_8886-919x1024.jpg\"><\/figure>\n<figure class=\"wp-block-image size-large\"><img decoding=\"async\" src=\"https:\/\/immo.lecourrier.es\/wp-content\/uploads\/2024\/04\/IMG_8885-1024x592.jpg\"><\/figure>\n<figure class=\"wp-block-image size-large\"><img decoding=\"async\" src=\"https:\/\/immo.lecourrier.es\/wp-content\/uploads\/2024\/04\/IMG_8883-1024x663.jpg\"><\/figure>\n<figure class=\"wp-block-image size-large\"><img decoding=\"async\" src=\"https:\/\/immo.lecourrier.es\/wp-content\/uploads\/2024\/04\/IMG_8878-1-1024x682.jpg\"><\/figure>\n<figure class=\"wp-block-image size-large\"><img decoding=\"async\" src=\"https:\/\/immo.lecourrier.es\/wp-content\/uploads\/2026\/03\/20220928_7224-1-scaled.jpg\"><\/figure>\n<\/figure>\n<p>LCE<\/p>\n<p><\/span><\/span><\/p>\n","protected":false},"excerpt":{"rendered":"<p>La 2\u00e8me \u00e9dition de la Soir\u00e9e de l&#8217;immobilier se d\u00e9roulera dans un lieu tr\u00e8s embl\u00e9matique de la capitale espagnole. Lors de cet \u00e9v\u00e9nement, nous pr\u00e9senterons deux entit\u00e9s fran\u00e7aises du secteur de l&#8217;immobilier qui viennent de planter leur drapeau \u00e0 Madrid et Barcelone pour un d\u00e9veloppement ib\u00e9rique. Et avec des moyens! Une belle occasion donc de [&hellip;]<\/p>\n","protected":false},"author":13,"featured_media":25294,"comment_status":"open","ping_status":"closed","sticky":false,"template":"","format":"standard","meta":{"om_disable_all_campaigns":false,"_monsterinsights_skip_tracking":false,"_monsterinsights_sitenote_active":false,"_monsterinsights_sitenote_note":"","_monsterinsights_sitenote_category":0,"_uf_show_specific_survey":0,"_uf_disable_surveys":false,"footnotes":""},"categories":[212,4440],"tags":[],"class_list":["post-69431","post","type-post","status-publish","format-standard","has-post-thumbnail","hentry","category-breaking-news","category-networking"],"acf":[],"_links":{"self":[{"href":"https:\/\/immo.lecourrier.es\/index.php\/wp-json\/wp\/v2\/posts\/69431","targetHints":{"allow":["GET"]}}],"collection":[{"href":"https:\/\/immo.lecourrier.es\/index.php\/wp-json\/wp\/v2\/posts"}],"about":[{"href":"https:\/\/immo.lecourrier.es\/index.php\/wp-json\/wp\/v2\/types\/post"}],"author":[{"embeddable":true,"href":"https:\/\/immo.lecourrier.es\/index.php\/wp-json\/wp\/v2\/users\/13"}],"replies":[{"embeddable":true,"href":"https:\/\/immo.lecourrier.es\/index.php\/wp-json\/wp\/v2\/comments?post=69431"}],"version-history":[{"count":0,"href":"https:\/\/immo.lecourrier.es\/index.php\/wp-json\/wp\/v2\/posts\/69431\/revisions"}],"wp:featuredmedia":[{"embeddable":true,"href":"https:\/\/immo.lecourrier.es\/index.php\/wp-json\/wp\/v2\/media\/25294"}],"wp:attachment":[{"href":"https:\/\/immo.lecourrier.es\/index.php\/wp-json\/wp\/v2\/media?parent=69431"}],"wp:term":[{"taxonomy":"category","embeddable":true,"href":"https:\/\/immo.lecourrier.es\/index.php\/wp-json\/wp\/v2\/categories?post=69431"},{"taxonomy":"post_tag","embeddable":true,"href":"https:\/\/immo.lecourrier.es\/index.php\/wp-json\/wp\/v2\/tags?post=69431"}],"curies":[{"name":"wp","href":"https:\/\/api.w.org\/{rel}","templated":true}]}}