{"id":69427,"date":"2026-03-08T23:21:56","date_gmt":"2026-03-08T23:21:56","guid":{"rendered":"https:\/\/immo.lecourrier.es\/index.php\/2026\/03\/08\/volkswagen-signe-lachat-des-terrains-de-sagunto-premier-coup-de-pioche-imminent-2\/"},"modified":"2026-04-25T06:37:37","modified_gmt":"2026-04-25T06:37:37","slug":"volkswagen-signe-lachat-des-terrains-de-sagunto-premier-coup-de-pioche-imminent-2","status":"publish","type":"post","link":"https:\/\/immo.lecourrier.es\/index.php\/2026\/03\/08\/volkswagen-signe-lachat-des-terrains-de-sagunto-premier-coup-de-pioche-imminent-2\/","title":{"rendered":"Volkswagen signe l\u2019achat des terrains de\u00a0Sagunto\u00a0:\u00a0premier coup de pioche imminent\u00a0"},"content":{"rendered":"<p><span dir=\"auto\" style=\"vertical-align: inherit\"><span dir=\"auto\" style=\"vertical-align: inherit\"><\/p>\n<p>Un pas important et d\u00e9cisif vient de mettre fin \u00e0 quelques mois de flottement dans ce qui est d\u2019ors et d\u00e9j\u00e0 le projet industriel le plus important de ces derni\u00e8res ann\u00e9es dans la r\u00e9gion de Valencia :&nbsp;alors que la future usine de batteries avait \u00e9t\u00e9 pr\u00e9sent\u00e9e en grande pompe par les responsables politiques au mois de&nbsp;mai dernier, puis remis en question&nbsp;pour des probl\u00e8mes de subventions.&nbsp;Les malentendus se sont donc dissip\u00e9s et le g\u00e9ant Allemand a donc finalement achet\u00e9 officiellement les terrains, pour un montant de 64 millions d\u2019euros.<\/p>\n<p>La superficie sur laquelle sera construite l&#8217;usine g\u00e9ante s&#8217;\u00e9tend sur 1,3 million de m\u00e8tres carr\u00e9s et l\u2019achat de ces terrains vient d\u2019\u00eatre officialis\u00e9 par la&nbsp;Generalitat&nbsp;de la&nbsp;Comunidad&nbsp;Valenciana.<\/p>\n<p>Concr\u00e8tement, le gouvernement r\u00e9gional a vendu le terrain \u00e0&nbsp;Power&nbsp;Co, une filiale de la multinationale automobile, pour 63,66 millions d&#8217;euros.<\/p>\n<p>Avec une enveloppe de plus 2, 5 milliards d\u2019euros au total, cette&nbsp;premi\u00e8re&nbsp;usine de batteries sur le territoire&nbsp;espagnol, renforcera la place de l\u2019\u00e9conomie valencienne comme p\u00f4le strat\u00e9gique du sud de l\u2019Europe pour les v\u00e9hicules \u00e9lectriques et la mobilit\u00e9 durable.<\/p>\n<p>L\u2019implantation de cette usine Volkswagen devrait g\u00e9n\u00e9rer plus de 3 000 emplois directs et entre 10 000 et 12 000 emplois indirects.&nbsp;La production devrait commencer en 2026.<\/p>\n<p class=\"has-text-align-right\">Laurence Lemoine<\/p>\n<p class=\"has-text-align-right\"><a href=\"https:\/\/www.valencia-expat-services.com\/\">Valencia Expat services<\/a><br \/><a href=\"http:\/\/www.madrid-expat-services.com\/\">Madrid<\/a>&nbsp;<a href=\"https:\/\/barcelona-expat-services.es\/fr\/\">Barcelone<\/a>&nbsp;<a href=\"http:\/\/www.javea-denia-expat-services.com\/\">Javea-Denia<\/a><\/p>\n<p><\/span><\/span><\/p>\n","protected":false},"excerpt":{"rendered":"<p>Un pas important et d\u00e9cisif vient de mettre fin \u00e0 quelques mois de flottement dans ce qui est d\u2019ors et d\u00e9j\u00e0 le projet industriel le plus important de ces derni\u00e8res ann\u00e9es dans la r\u00e9gion de Valencia :&nbsp;alors que la future usine de batteries avait \u00e9t\u00e9 pr\u00e9sent\u00e9e en grande pompe par les responsables politiques au mois [&hellip;]<\/p>\n","protected":false},"author":13,"featured_media":25244,"comment_status":"open","ping_status":"closed","sticky":false,"template":"","format":"standard","meta":{"om_disable_all_campaigns":false,"_monsterinsights_skip_tracking":false,"_monsterinsights_sitenote_active":false,"_monsterinsights_sitenote_note":"","_monsterinsights_sitenote_category":0,"_uf_show_specific_survey":0,"_uf_disable_surveys":false,"footnotes":""},"categories":[212],"tags":[],"class_list":["post-69427","post","type-post","status-publish","format-standard","has-post-thumbnail","hentry","category-breaking-news"],"acf":[],"_links":{"self":[{"href":"https:\/\/immo.lecourrier.es\/index.php\/wp-json\/wp\/v2\/posts\/69427","targetHints":{"allow":["GET"]}}],"collection":[{"href":"https:\/\/immo.lecourrier.es\/index.php\/wp-json\/wp\/v2\/posts"}],"about":[{"href":"https:\/\/immo.lecourrier.es\/index.php\/wp-json\/wp\/v2\/types\/post"}],"author":[{"embeddable":true,"href":"https:\/\/immo.lecourrier.es\/index.php\/wp-json\/wp\/v2\/users\/13"}],"replies":[{"embeddable":true,"href":"https:\/\/immo.lecourrier.es\/index.php\/wp-json\/wp\/v2\/comments?post=69427"}],"version-history":[{"count":0,"href":"https:\/\/immo.lecourrier.es\/index.php\/wp-json\/wp\/v2\/posts\/69427\/revisions"}],"wp:featuredmedia":[{"embeddable":true,"href":"https:\/\/immo.lecourrier.es\/index.php\/wp-json\/wp\/v2\/media\/25244"}],"wp:attachment":[{"href":"https:\/\/immo.lecourrier.es\/index.php\/wp-json\/wp\/v2\/media?parent=69427"}],"wp:term":[{"taxonomy":"category","embeddable":true,"href":"https:\/\/immo.lecourrier.es\/index.php\/wp-json\/wp\/v2\/categories?post=69427"},{"taxonomy":"post_tag","embeddable":true,"href":"https:\/\/immo.lecourrier.es\/index.php\/wp-json\/wp\/v2\/tags?post=69427"}],"curies":[{"name":"wp","href":"https:\/\/api.w.org\/{rel}","templated":true}]}}