{"id":69425,"date":"2026-03-08T23:17:15","date_gmt":"2026-03-08T23:17:15","guid":{"rendered":"https:\/\/immo.lecourrier.es\/index.php\/2026\/03\/08\/lanzadera-parie-sur-limmobilier-dans-sa-derniere-selection-de-start-ups-2\/"},"modified":"2026-04-25T06:34:26","modified_gmt":"2026-04-25T06:34:26","slug":"lanzadera-parie-sur-limmobilier-dans-sa-derniere-selection-de-start-ups-2","status":"publish","type":"post","link":"https:\/\/immo.lecourrier.es\/index.php\/2026\/03\/08\/lanzadera-parie-sur-limmobilier-dans-sa-derniere-selection-de-start-ups-2\/","title":{"rendered":"Lanzadera parie sur l&#8217;immobilier dans sa derni\u00e8re s\u00e9lection de &#8216;start ups&#8217;"},"content":{"rendered":"<p><span dir=\"auto\" style=\"vertical-align: inherit\"><span dir=\"auto\" style=\"vertical-align: inherit\"><\/p>\n<p>Un minimum de huit initiatives du secteur de l&#8217;immobilier et de la proptech ont \u00e9t\u00e9 s\u00e9lectionn\u00e9es dans le nouveau lot de l&#8217;acc\u00e9l\u00e9rateur de Juan Roig, pr\u00e9sident et propri\u00e9taire de Mercadona.<\/p>\n<p>Navette janvier 2022 Juan Roig investit dans l&#8217;immobilier. L&#8217;acc\u00e9l\u00e9rateur promu par le pr\u00e9sident de Mercadona, Juan Roig, <strong>a choisi 120 start-ups pour faire partie du prochain tour d&#8217;investissement<\/strong> \u00e0 r\u00e9aliser en janvier, parmi lesquelles diverses initiatives dans le secteur de l&#8217;immobilier et de la proptech.<\/p>\n<p>Parmi les plus remarquables, citons Bandora, une gestion des installations qui transforme un b\u00e2timent intelligent en un b\u00e2timent autonome; Deleite Wear, une solution d&#8217;\u00e9conomie circulaire pour habiller les h\u00f4tels avec leurs d\u00e9chets textiles; Designable, une plateforme qui permet aux particuliers de promouvoir facilement des b\u00e2timents \u00e0 la demande; Equito, une entreprise qui permet d&#8217;acc\u00e9der au march\u00e9 immobilier via la blockchain; Erasmus Play, un comparateur de logements \u00e9tudiants dans plus de 500 villes; Hardman, qui facilite le chargement et le d\u00e9chargement avec les prestataires logistiques; Lodgerin, logement \u00e9tudiant en Europe, et TribuApp, une plateforme qui permet de louer des bureaux.<\/p>\n<p>De mani\u00e8re g\u00e9n\u00e9rale, les entreprises s\u00e9lectionn\u00e9es <strong>se caract\u00e9risent par l&#8217;innovation dans des secteurs tels que le sport, l&#8217;immobilier, l&#8217;\u00e9nergie, l&#8217;alimentation et la mode.<\/strong> De plus, quinze des entreprises s\u00e9lectionn\u00e9es sont originaires du Portugal. Les \u00e9quipes s\u00e9lectionn\u00e9es pourront recevoir entre 1.000 euros et 500.000 euros d&#8217;aides, selon les besoins de chaque entreprise.<\/p>\n<p>Javier Jim\u00e9nez, PDG de Lanzadera, a assur\u00e9 que &#8220;le Portugal nous a agr\u00e9ablement surpris par la qualit\u00e9 des entrepreneurs et de leurs projets&#8221;. En outre, il a ajout\u00e9 que &#8220;les entreprises s\u00e9lectionn\u00e9es dans cet appel <strong>proposent des solutions technologiques diff\u00e9rentielles qui les positionnent strat\u00e9giquement<\/strong> sur le march\u00e9&#8221;. <\/p>\n<p><strong>Lanzadera a investi vingt millions d&#8217;euros dans des &#8220;start ups&#8221; depuis son lancement en 2013<\/strong><\/p>\n<p>Le programme auquel les entreprises s\u00e9lectionn\u00e9es font partie comprend quatre phases\u00a0: la phase Scale Up est destin\u00e9e aux entreprises matures qui ont besoin d&#8217;investissements pour pouvoir se d\u00e9velopper et atteindre de nouveaux objectifs: la phase Croissance, qui favorise les entreprises qui poursuivent une croissance rapide; la phase Traction, centr\u00e9e sur la phase initiale ; et la phase de d\u00e9marrage, con\u00e7ue pour les entrepreneurs qui sont encore en train de d\u00e9finir leur projet et leur entreprise. Depuis sa cr\u00e9ation en 2013,<strong> Lanzadera a accompagn\u00e9 environ 900 start-up, apportant plus de vingt millions d&#8217;euros de financement en pr\u00eats, <\/strong>qui ont g\u00e9n\u00e9r\u00e9 7.400 emplois directs et des investissements externes de plus de 373 millions d&#8217;euros.<\/p>\n<p><\/span><\/span><\/p>\n","protected":false},"excerpt":{"rendered":"<p>Un minimum de huit initiatives du secteur de l&#8217;immobilier et de la proptech ont \u00e9t\u00e9 s\u00e9lectionn\u00e9es dans le nouveau lot de l&#8217;acc\u00e9l\u00e9rateur de Juan Roig, pr\u00e9sident et propri\u00e9taire de Mercadona. Navette janvier 2022 Juan Roig investit dans l&#8217;immobilier. L&#8217;acc\u00e9l\u00e9rateur promu par le pr\u00e9sident de Mercadona, Juan Roig, a choisi 120 start-ups pour faire partie du [&hellip;]<\/p>\n","protected":false},"author":13,"featured_media":25238,"comment_status":"open","ping_status":"closed","sticky":false,"template":"","format":"standard","meta":{"om_disable_all_campaigns":false,"_monsterinsights_skip_tracking":false,"_monsterinsights_sitenote_active":false,"_monsterinsights_sitenote_note":"","_monsterinsights_sitenote_category":0,"_uf_show_specific_survey":0,"_uf_disable_surveys":false,"footnotes":""},"categories":[212,4440],"tags":[],"class_list":["post-69425","post","type-post","status-publish","format-standard","has-post-thumbnail","hentry","category-breaking-news","category-networking"],"acf":[],"_links":{"self":[{"href":"https:\/\/immo.lecourrier.es\/index.php\/wp-json\/wp\/v2\/posts\/69425","targetHints":{"allow":["GET"]}}],"collection":[{"href":"https:\/\/immo.lecourrier.es\/index.php\/wp-json\/wp\/v2\/posts"}],"about":[{"href":"https:\/\/immo.lecourrier.es\/index.php\/wp-json\/wp\/v2\/types\/post"}],"author":[{"embeddable":true,"href":"https:\/\/immo.lecourrier.es\/index.php\/wp-json\/wp\/v2\/users\/13"}],"replies":[{"embeddable":true,"href":"https:\/\/immo.lecourrier.es\/index.php\/wp-json\/wp\/v2\/comments?post=69425"}],"version-history":[{"count":0,"href":"https:\/\/immo.lecourrier.es\/index.php\/wp-json\/wp\/v2\/posts\/69425\/revisions"}],"wp:featuredmedia":[{"embeddable":true,"href":"https:\/\/immo.lecourrier.es\/index.php\/wp-json\/wp\/v2\/media\/25238"}],"wp:attachment":[{"href":"https:\/\/immo.lecourrier.es\/index.php\/wp-json\/wp\/v2\/media?parent=69425"}],"wp:term":[{"taxonomy":"category","embeddable":true,"href":"https:\/\/immo.lecourrier.es\/index.php\/wp-json\/wp\/v2\/categories?post=69425"},{"taxonomy":"post_tag","embeddable":true,"href":"https:\/\/immo.lecourrier.es\/index.php\/wp-json\/wp\/v2\/tags?post=69425"}],"curies":[{"name":"wp","href":"https:\/\/api.w.org\/{rel}","templated":true}]}}