{"id":69421,"date":"2026-03-08T23:16:52","date_gmt":"2026-03-08T23:16:52","guid":{"rendered":"https:\/\/immo.lecourrier.es\/index.php\/2026\/03\/08\/melia-gerera-lhotel-rey-juan-carlos-i-sous-sa-marque-gran-melia-2\/"},"modified":"2026-04-25T06:34:21","modified_gmt":"2026-04-25T06:34:21","slug":"melia-gerera-lhotel-rey-juan-carlos-i-sous-sa-marque-gran-melia-2","status":"publish","type":"post","link":"https:\/\/immo.lecourrier.es\/index.php\/2026\/03\/08\/melia-gerera-lhotel-rey-juan-carlos-i-sous-sa-marque-gran-melia-2\/","title":{"rendered":"Meli\u00e1 g\u00e9rera l&#8217;h\u00f4tel Rey Juan Carlos I sous sa marque Gran Meli\u00e1"},"content":{"rendered":"<p><span dir=\"auto\" style=\"vertical-align: inherit\"><span dir=\"auto\" style=\"vertical-align: inherit\"><\/p>\n<p>Apr\u00e8s sa r\u00e9novation, il deviendra une destination de vill\u00e9giature urbaine unique en Europe, selon Meli\u00e1.<\/p>\n<p>Meli\u00e1 Hotels International et les propri\u00e9taires de l&#8217;h\u00f4tel Rey Juan Carlos I \u00e0 Barcelone, \u200b\u200bainsi que son principal investisseur, <strong>Tyrus Capital<\/strong>, avec lequel la cha\u00eene collabore depuis plus d&#8217;une d\u00e9cennie, ont conclu un accord \u00e0 long terme par lequel il assume la gestion de l&#8217;\u00e9tablissement. Ainsi, il l&#8217;ajoutera \u00e0 sa marque de luxe Gran Meli\u00e1 sous le nom de <strong>Miranda de Pedralbes<\/strong>, en hommage au quartier r\u00e9sidentiel o\u00f9 il se trouve. De cette fa\u00e7on, la situation difficile que connaissait l&#8217;h\u00f4tel embl\u00e9matique est r\u00e9solue, qui a culmin\u00e9 en septembre dernier avec la pr\u00e9sentation de la faillite, selon les nouvelles du tourisme <strong>HOSTELTUR<\/strong>, apr\u00e8s \u00eatre rest\u00e9e ferm\u00e9e depuis la suspension de ses op\u00e9rations en 2020.<\/p>\n<p>Dans le but de cr\u00e9er une <strong>destination de vill\u00e9giature exclusive<\/strong> du plus haut niveau qui offre aux clients une exp\u00e9rience de loisirs et de style de vie authentique sans quitter la ville, le nouveau Gran Meli\u00e1 am\u00e9liorera la <strong>communication entre les espaces h\u00f4teliers<\/strong>, qui seront \u00e9galement les<strong> jardins<\/strong> romantiques de l&#8217;ancien Torre Melina sera int\u00e9gr\u00e9e, en plus d&#8217;accueillir un nouvel espace sur le toit avec les meilleures vues.<\/p>\n<p>En alliance avec des partenaires exp\u00e9riment\u00e9s de la <strong>sc\u00e8ne gastronomique et musicale<\/strong>, et profitant de sa piscine et de son espace jardin, l&#8217;h\u00f4tel disposera \u00e9galement d&#8217;un concept avant-gardiste de <strong>&#8220;pool club&#8221; en version urbaine<\/strong> qui surprendra les clients, qu&#8217;ils peut compl\u00e9ter avec une visite \u00e0 la plage et au <strong>Beach Club de l&#8217;h\u00f4tel Me Sitges, \u00e0 seulement 20 minutes.<\/strong><\/p>\n<p>Son emplacement \u00e0 Pedralbes, \u00e0 c\u00f4t\u00e9 de l&#8217;exclusif Polo Club, avec une vue exceptionnelle sur la ville et les jardins, en fait une oasis de tranquillit\u00e9 \u00e0 Barcelone, tant pour les clients que pour les r\u00e9sidents.<\/p>\n<p>De plus, la mise en place d&#8217;un <strong>restaurant gastronomique de signature<\/strong> du plus haut prestige international est pr\u00e9vue, ainsi qu&#8217;un <strong>Spa <\/strong>exclusif avec une entreprise de renomm\u00e9e internationale, qui proposera des exp\u00e9riences et des offres r\u00e9cr\u00e9atives tout au long de la journ\u00e9e.<\/p>\n<p><strong>Palais des Congr\u00e8s de Catalogne<\/strong><\/p>\n<p>En plus de l&#8217;infrastructure h\u00f4teli\u00e8re, le complexe comprend le<strong> Palacio de Congresos de Catalu\u00f1a<\/strong>, un centre du plus haut niveau avec toutes les exigences techniques, r\u00e9compens\u00e9 par le Prix National d&#8217;Architecture en 2001. Gr\u00e2ce \u00e0 son exp\u00e9rience dans la gestion de ce type d&#8217;installation, Avec exemples de r\u00e9ussite tels que le Palacio de Congresos de Palma, Meli\u00e1 est convaincu de <strong>positionner le complexe parmi les meilleurs d&#8217;Europe.<\/strong><\/p>\n<p>Avec ce potentiel et avec la nouvelle approche de la marque, l&#8217;h\u00f4tel a tous les \u00e9l\u00e9ments pour devenir <strong>le meilleur &#8220;urban resort&#8221; de Barcelone, et l&#8217;un des meilleurs h\u00f4tels de vacances du sud de l&#8217;Europe<\/strong>, comme l&#8217;a soulign\u00e9 le PDG de Meli\u00e1, Gabriel Escarrer , qui a expliqu\u00e9 que son objectif est de cr\u00e9er un v\u00e9ritable <strong>&#8220;h\u00f4tel-destination&#8221; <\/strong>pour le public de loisirs mais aussi pour le voyageur d&#8217;affaires ou de conf\u00e9rence qui souhaite profiter pleinement de son s\u00e9jour dans une oasis urbaine en pleine ville.<\/p>\n<p>Escarrer a tenu \u00e0 remercier la mairie de Barcelone &#8220;pour la volont\u00e9 affich\u00e9e de r<strong>\u00e9cup\u00e9rer un atout touristique cl\u00e9 pour la ville<\/strong>, qui, sous la gestion experte de notre groupe et avec le prestige d&#8217;une marque comme Gran Meli\u00e1, pourra continuer \u00e0 contribuer \u00e0 la <strong>cr\u00e9ation de valeur et de rentabilit\u00e9 sociale et \u00e9conomique <\/strong>dans la destination \u00bb.<\/p>\n<p><\/span><\/span><\/p>\n","protected":false},"excerpt":{"rendered":"<p>Apr\u00e8s sa r\u00e9novation, il deviendra une destination de vill\u00e9giature urbaine unique en Europe, selon Meli\u00e1. Meli\u00e1 Hotels International et les propri\u00e9taires de l&#8217;h\u00f4tel Rey Juan Carlos I \u00e0 Barcelone, \u200b\u200bainsi que son principal investisseur, Tyrus Capital, avec lequel la cha\u00eene collabore depuis plus d&#8217;une d\u00e9cennie, ont conclu un accord \u00e0 long terme par lequel il [&hellip;]<\/p>\n","protected":false},"author":13,"featured_media":25222,"comment_status":"open","ping_status":"closed","sticky":false,"template":"","format":"standard","meta":{"om_disable_all_campaigns":false,"_monsterinsights_skip_tracking":false,"_monsterinsights_sitenote_active":false,"_monsterinsights_sitenote_note":"","_monsterinsights_sitenote_category":0,"_uf_show_specific_survey":0,"_uf_disable_surveys":false,"footnotes":""},"categories":[212,258],"tags":[],"class_list":["post-69421","post","type-post","status-publish","format-standard","has-post-thumbnail","hentry","category-breaking-news","category-hotels-living"],"acf":[],"_links":{"self":[{"href":"https:\/\/immo.lecourrier.es\/index.php\/wp-json\/wp\/v2\/posts\/69421","targetHints":{"allow":["GET"]}}],"collection":[{"href":"https:\/\/immo.lecourrier.es\/index.php\/wp-json\/wp\/v2\/posts"}],"about":[{"href":"https:\/\/immo.lecourrier.es\/index.php\/wp-json\/wp\/v2\/types\/post"}],"author":[{"embeddable":true,"href":"https:\/\/immo.lecourrier.es\/index.php\/wp-json\/wp\/v2\/users\/13"}],"replies":[{"embeddable":true,"href":"https:\/\/immo.lecourrier.es\/index.php\/wp-json\/wp\/v2\/comments?post=69421"}],"version-history":[{"count":0,"href":"https:\/\/immo.lecourrier.es\/index.php\/wp-json\/wp\/v2\/posts\/69421\/revisions"}],"wp:featuredmedia":[{"embeddable":true,"href":"https:\/\/immo.lecourrier.es\/index.php\/wp-json\/wp\/v2\/media\/25222"}],"wp:attachment":[{"href":"https:\/\/immo.lecourrier.es\/index.php\/wp-json\/wp\/v2\/media?parent=69421"}],"wp:term":[{"taxonomy":"category","embeddable":true,"href":"https:\/\/immo.lecourrier.es\/index.php\/wp-json\/wp\/v2\/categories?post=69421"},{"taxonomy":"post_tag","embeddable":true,"href":"https:\/\/immo.lecourrier.es\/index.php\/wp-json\/wp\/v2\/tags?post=69421"}],"curies":[{"name":"wp","href":"https:\/\/api.w.org\/{rel}","templated":true}]}}