{"id":69420,"date":"2026-03-08T23:16:47","date_gmt":"2026-03-08T23:16:47","guid":{"rendered":"https:\/\/immo.lecourrier.es\/index.php\/2026\/03\/08\/wizz-air-commence-a-voler-vers-sa-20e-destination-depuis-barcelone-2\/"},"modified":"2026-04-25T06:34:20","modified_gmt":"2026-04-25T06:34:20","slug":"wizz-air-commence-a-voler-vers-sa-20e-destination-depuis-barcelone-2","status":"publish","type":"post","link":"https:\/\/immo.lecourrier.es\/index.php\/2026\/03\/08\/wizz-air-commence-a-voler-vers-sa-20e-destination-depuis-barcelone-2\/","title":{"rendered":"Wizz Air commence \u00e0 voler vers sa 20e destination depuis Barcelone"},"content":{"rendered":"<p><span dir=\"auto\" style=\"vertical-align: inherit\"><span dir=\"auto\" style=\"vertical-align: inherit\"><\/p>\n<p>La compagnie a\u00e9rienne hongroise \u00e0 bas prix op\u00e8re d&#8217;El Prat vers 13 pays.<\/p>\n<p>Wizz Air relie Barcelone \u00e0 Tel Aviv (Isra\u00ebl) quatre fois par semaine \u00e0 partir de ce mardi. La compagnie a\u00e9rienne hongroise ajoute ainsi 20 destinations depuis l&#8217;a\u00e9roport de Barcelone-El Prat.<\/p>\n<p>Wizz Air a annonc\u00e9 la nouvelle route dans une d\u00e9claration conjointe avec le<strong> Comit\u00e9 de d\u00e9veloppement des routes a\u00e9riennes (CDRA)<\/strong>, compos\u00e9 d&#8217;Aena, de la Generalitat, de la Mairie de Barcelone et de la Chambre de commerce de Barcelone.<\/p>\n<p>Et c&#8217;est que, selon le CDRA, il y a eu jusqu&#8217;\u00e0 pr\u00e9sent &#8220;une <strong>demande non satisfaite&#8221; comprise entre 24.437 et 54.516 passagers entre Isra\u00ebl et la Catalogne<\/strong>, un calcul effectu\u00e9 \u00e0 partir des chiffres des utilisateurs qui voyagent d&#8217;une destination \u00e0 une autre indirectement.<\/p>\n<p>Pour sa part, la responsable des liaisons de l&#8217;entreprise, <strong>Evelin Jeckel<\/strong>, a soulign\u00e9 que &#8220;nous nous effor\u00e7ons constamment d&#8217;<strong>\u00e9tendre notre r\u00e9seau de routes<\/strong> et d&#8217;investir \u00e9galement sur le march\u00e9 espagnol, en cr\u00e9ant davantage de liaisons \u00e0 bas prix&#8221;.<\/p>\n<figure class=\"wp-block-image size-large\"><a href=\"https:\/\/www.opea.io\"><img decoding=\"async\" src=\"https:\/\/immo.lecourrier.es\/wp-content\/uploads\/2024\/04\/Capture-decran-2023-03-14-a-15.35.44-16-1024x108.jpg\"><\/a><\/figure>\n<\/p>\n<p><\/span><\/span><\/p>\n","protected":false},"excerpt":{"rendered":"<p>La compagnie a\u00e9rienne hongroise \u00e0 bas prix op\u00e8re d&#8217;El Prat vers 13 pays. Wizz Air relie Barcelone \u00e0 Tel Aviv (Isra\u00ebl) quatre fois par semaine \u00e0 partir de ce mardi. La compagnie a\u00e9rienne hongroise ajoute ainsi 20 destinations depuis l&#8217;a\u00e9roport de Barcelone-El Prat. Wizz Air a annonc\u00e9 la nouvelle route dans une d\u00e9claration conjointe avec [&hellip;]<\/p>\n","protected":false},"author":13,"featured_media":25219,"comment_status":"open","ping_status":"closed","sticky":false,"template":"","format":"standard","meta":{"om_disable_all_campaigns":false,"_monsterinsights_skip_tracking":false,"_monsterinsights_sitenote_active":false,"_monsterinsights_sitenote_note":"","_monsterinsights_sitenote_category":0,"_uf_show_specific_survey":0,"_uf_disable_surveys":false,"footnotes":""},"categories":[212,234],"tags":[],"class_list":["post-69420","post","type-post","status-publish","format-standard","has-post-thumbnail","hentry","category-breaking-news","category-logistique-retail"],"acf":[],"_links":{"self":[{"href":"https:\/\/immo.lecourrier.es\/index.php\/wp-json\/wp\/v2\/posts\/69420","targetHints":{"allow":["GET"]}}],"collection":[{"href":"https:\/\/immo.lecourrier.es\/index.php\/wp-json\/wp\/v2\/posts"}],"about":[{"href":"https:\/\/immo.lecourrier.es\/index.php\/wp-json\/wp\/v2\/types\/post"}],"author":[{"embeddable":true,"href":"https:\/\/immo.lecourrier.es\/index.php\/wp-json\/wp\/v2\/users\/13"}],"replies":[{"embeddable":true,"href":"https:\/\/immo.lecourrier.es\/index.php\/wp-json\/wp\/v2\/comments?post=69420"}],"version-history":[{"count":0,"href":"https:\/\/immo.lecourrier.es\/index.php\/wp-json\/wp\/v2\/posts\/69420\/revisions"}],"wp:featuredmedia":[{"embeddable":true,"href":"https:\/\/immo.lecourrier.es\/index.php\/wp-json\/wp\/v2\/media\/25219"}],"wp:attachment":[{"href":"https:\/\/immo.lecourrier.es\/index.php\/wp-json\/wp\/v2\/media?parent=69420"}],"wp:term":[{"taxonomy":"category","embeddable":true,"href":"https:\/\/immo.lecourrier.es\/index.php\/wp-json\/wp\/v2\/categories?post=69420"},{"taxonomy":"post_tag","embeddable":true,"href":"https:\/\/immo.lecourrier.es\/index.php\/wp-json\/wp\/v2\/tags?post=69420"}],"curies":[{"name":"wp","href":"https:\/\/api.w.org\/{rel}","templated":true}]}}