{"id":69419,"date":"2026-03-08T23:12:42","date_gmt":"2026-03-08T23:12:42","guid":{"rendered":"https:\/\/immo.lecourrier.es\/index.php\/2026\/03\/08\/centrakor-sinstalle-en-espagne-et-choisit-valencia-2\/"},"modified":"2026-04-25T06:29:28","modified_gmt":"2026-04-25T06:29:28","slug":"centrakor-sinstalle-en-espagne-et-choisit-valencia-2","status":"publish","type":"post","link":"https:\/\/immo.lecourrier.es\/index.php\/2026\/03\/08\/centrakor-sinstalle-en-espagne-et-choisit-valencia-2\/","title":{"rendered":"Centrakor\u00a0s\u2019installe en Espagne et choisit\u00a0Valencia\u00a0"},"content":{"rendered":"<p><span dir=\"auto\" style=\"vertical-align: inherit\"><span dir=\"auto\" style=\"vertical-align: inherit\"><\/p>\n<p>Centrakor, acteur majeur de l&#8217;ameublement et de la d\u00e9coration de maison \u00e0 prix abordables, mise sur le march\u00e9 espagnol pour dynamiser son d\u00e9veloppement international.&nbsp;Pour son premier point de vente dans un pays \u00e9tranger, non-francophone, la firme fran\u00e7aise a choisi Valencia, 3e ville d\u2019Espagne.<\/p>\n<p>Ce premier magasin de 2 300 m2 ouvrira ses portes d\u00e9but mars dans le parc commercial d\u2019Alfafar, zone situ\u00e9e \u00e0 8 kilom\u00e8tres au sud de la ville et qui re\u00e7oit chaque ann\u00e9e 3 millions de visiteurs.&nbsp;Spacieux et lumineux, le magasin proposera plus de 43 000 produits, notamment des meubles, des objets de d\u00e9coration, luminaires, articles m\u00e9nagers, ustensiles de cuisine, accessoires de salle de bain, mercerie, mais aussi des articles de loisirs et de jeux.&nbsp;Un espace de 300 m\u00b2 sera \u00e9galement enti\u00e8rement d\u00e9di\u00e9 \u00e0 la f\u00eate avec un corner Zo\u00e9 Confetti, une marque d&#8217;articles de f\u00eate pour la d\u00e9coration d\u2019\u00e9v\u00e9nements.<\/p>\n<p>L&#8217;objectif de la marque est d&#8217;offrir \u00e0 ses clients plus de commodit\u00e9 et de plaisir d\u2019achat dans un espace contemporain, color\u00e9, ordonn\u00e9, bien signal\u00e9 et agr\u00e9able tout en proposant des articles de maison et de d\u00e9coration \u00e0 des prix tr\u00e8s comp\u00e9titifs.<\/p>\n<p>Ce nouveau magasin comptera 15 employ\u00e9s et proposera des produits provenant de fournisseurs d\u00e9j\u00e0 existants et de nouveaux partenaires espagnols.<\/p>\n<p>Avec cette ouverture,&nbsp;Centrakor&nbsp;concr\u00e9tise sa volont\u00e9 d&#8217;exporter son concept \u00e0 l&#8217;\u00e9tranger :&nbsp;pour Olivier&nbsp;Rondolotto, PDG de&nbsp;Centrakor, c\u2019est &#8220;un grand pas pour le concept&nbsp;Centrakor&nbsp;qui, apr\u00e8s la France, s&#8217;attaque aux march\u00e9s \u00e9trangers, dont l&#8217;Espagne&#8221;.&nbsp;&#8220;Nous n&#8217;avons pas h\u00e9sit\u00e9 \u00e0 choisir l&#8217;Espagne, et Valencia en particulier, comme premier pays non-francophone de notre d\u00e9veloppement international, compte tenu du dynamisme de son industrie et de son tourisme\u201d.<\/p>\n<p>D\u2019origine toulousaine, premier r\u00e9seau fran\u00e7ais de magasins ind\u00e9pendants d&#8217;\u00e9quipement de la maison et de d\u00e9coration \u00e0 prix accessibles.&nbsp;l\u2019entreprise,&nbsp;cr\u00e9e, il&nbsp;y a une vingtaine d&#8217;ann\u00e9e, compte&nbsp;d\u00e9j\u00e0&nbsp;468 magasins&nbsp;(432 en France et 6 en Belgique)&nbsp;avec un chiffre d\u2019affaires&nbsp;total de pr\u00e8s d\u20191 milliard d\u2019euros.&nbsp;Environ 5 000 personnes travaillent pour cette enseigne en pleine phase d&#8217;expansion internationale avec des ouvertures de magasins pr\u00e9vues \u00e9galement au Luxembourg et en Suisse.<\/p>\n<p class=\"has-text-align-right\">Laurence Lemoine<\/p>\n<p class=\"has-text-align-right\"><a href=\"https:\/\/www.valencia-expat-services.com\/\">Valencia Expat services<\/a><br \/><a href=\"http:\/\/www.madrid-expat-services.com\/\">Madrid<\/a>&nbsp;<a href=\"https:\/\/barcelona-expat-services.es\/fr\/\">Barcelone<\/a>&nbsp;<a href=\"http:\/\/www.javea-denia-expat-services.com\/\">Javea-Denia<\/a><\/p>\n<p><\/span><\/span><\/p>\n","protected":false},"excerpt":{"rendered":"<p>Centrakor, acteur majeur de l&#8217;ameublement et de la d\u00e9coration de maison \u00e0 prix abordables, mise sur le march\u00e9 espagnol pour dynamiser son d\u00e9veloppement international.&nbsp;Pour son premier point de vente dans un pays \u00e9tranger, non-francophone, la firme fran\u00e7aise a choisi Valencia, 3e ville d\u2019Espagne. Ce premier magasin de 2 300 m2 ouvrira ses portes d\u00e9but mars [&hellip;]<\/p>\n","protected":false},"author":13,"featured_media":25215,"comment_status":"open","ping_status":"closed","sticky":false,"template":"","format":"standard","meta":{"om_disable_all_campaigns":false,"_monsterinsights_skip_tracking":false,"_monsterinsights_sitenote_active":false,"_monsterinsights_sitenote_note":"","_monsterinsights_sitenote_category":0,"_uf_show_specific_survey":0,"_uf_disable_surveys":false,"footnotes":""},"categories":[212],"tags":[],"class_list":["post-69419","post","type-post","status-publish","format-standard","has-post-thumbnail","hentry","category-breaking-news"],"acf":[],"_links":{"self":[{"href":"https:\/\/immo.lecourrier.es\/index.php\/wp-json\/wp\/v2\/posts\/69419","targetHints":{"allow":["GET"]}}],"collection":[{"href":"https:\/\/immo.lecourrier.es\/index.php\/wp-json\/wp\/v2\/posts"}],"about":[{"href":"https:\/\/immo.lecourrier.es\/index.php\/wp-json\/wp\/v2\/types\/post"}],"author":[{"embeddable":true,"href":"https:\/\/immo.lecourrier.es\/index.php\/wp-json\/wp\/v2\/users\/13"}],"replies":[{"embeddable":true,"href":"https:\/\/immo.lecourrier.es\/index.php\/wp-json\/wp\/v2\/comments?post=69419"}],"version-history":[{"count":0,"href":"https:\/\/immo.lecourrier.es\/index.php\/wp-json\/wp\/v2\/posts\/69419\/revisions"}],"wp:featuredmedia":[{"embeddable":true,"href":"https:\/\/immo.lecourrier.es\/index.php\/wp-json\/wp\/v2\/media\/25215"}],"wp:attachment":[{"href":"https:\/\/immo.lecourrier.es\/index.php\/wp-json\/wp\/v2\/media?parent=69419"}],"wp:term":[{"taxonomy":"category","embeddable":true,"href":"https:\/\/immo.lecourrier.es\/index.php\/wp-json\/wp\/v2\/categories?post=69419"},{"taxonomy":"post_tag","embeddable":true,"href":"https:\/\/immo.lecourrier.es\/index.php\/wp-json\/wp\/v2\/tags?post=69419"}],"curies":[{"name":"wp","href":"https:\/\/api.w.org\/{rel}","templated":true}]}}