{"id":69418,"date":"2026-03-08T23:12:34","date_gmt":"2026-03-08T23:12:34","guid":{"rendered":"https:\/\/immo.lecourrier.es\/index.php\/2026\/03\/08\/loffre-de-logements-a-louer-en-espagne-a-chute-de-17-au-cours-de-la-derniere-annee-2\/"},"modified":"2026-04-25T06:29:27","modified_gmt":"2026-04-25T06:29:27","slug":"loffre-de-logements-a-louer-en-espagne-a-chute-de-17-au-cours-de-la-derniere-annee-2","status":"publish","type":"post","link":"https:\/\/immo.lecourrier.es\/index.php\/2026\/03\/08\/loffre-de-logements-a-louer-en-espagne-a-chute-de-17-au-cours-de-la-derniere-annee-2\/","title":{"rendered":"L&#8217;offre de logements \u00e0 louer en Espagne a chut\u00e9 de 17% au cours de la derni\u00e8re ann\u00e9e"},"content":{"rendered":"<p><span dir=\"auto\" style=\"vertical-align: inherit\"><span dir=\"auto\" style=\"vertical-align: inherit\"><\/p>\n<p>La baisse au quatri\u00e8me trimestre est plus faible que celle enregistr\u00e9e \u00e0 l&#8217;\u00e9t\u00e9, o\u00f9 elle avait chut\u00e9 de 25 %. \u00c0 Barcelone et Madrid, le stock tombe au-dessus de la moyenne.<\/p>\n<p><strong>L&#8217;offre de logements locatifs a diminu\u00e9 de 17 % au cours du quatri\u00e8me trimestre 2022<\/strong>, par rapport au m\u00eame trimestre de l&#8217;ann\u00e9e derni\u00e8re, selon une \u00e9tude publi\u00e9e par idealista, la place de march\u00e9 immobilier du sud de l&#8217;Europe. Malgr\u00e9 l&#8217;ampleur de cette baisse, la baisse des stocks est inf\u00e9rieure \u00e0 celle enregistr\u00e9e au troisi\u00e8me trimestre, lorsque l&#8217;offre s&#8217;est contract\u00e9e de 25 %.<\/p>\n<p><strong>Capitaux<\/strong><\/p>\n<p><strong>La majorit\u00e9 des capitales provinciales espagnoles (32 sur 52) ont d\u00e9sormais beaucoup moins de logements locatifs <\/strong>qu&#8217;il y a un an. La r\u00e9duction est de 48 % \u00e0 Grenade et s&#8217;\u00e9l\u00e8ve \u00e0 41 % \u00e0 Malaga, 36 % \u00e0 Alicante et 35 % \u00e0 Valence. Madrid et Teruel comptent 32 % de locations en moins, tandis qu&#8217;\u00e0 Las Palmas de Gran Canaria, elles s&#8217;\u00e9l\u00e8vent \u00e0 31 %. Elles sont suivies par Ciudad Real (-30%), Palma (-30%), Barcelone (-28%) et Oviedo (-21%).<\/p>\n<p>Avec des chutes sup\u00e9rieures ou \u00e9gales \u00e0 15 %, on trouve les villes de Soria (-20 %), S\u00e9ville (-19 %), Bilbao (17 %), Le\u00f3n (-16 %) et \u00c1vila (-16 %).<\/p>\n<p>Malgr\u00e9 la baisse g\u00e9n\u00e9ralis\u00e9e du produit, dans 18 villes au total, il y a plus de logements \u00e0 louer qu&#8217;il y a un an. La plus forte augmentation s&#8217;est produite \u00e0 Cuenca, avec une augmentation de 127 %, suivie de Ceuta, avec 68 %, Ja\u00e9n (65 %) et C\u00f3rdoba (62 %). En dessous de 50 % d&#8217;augmentation se trouvent G\u00e9rone (44 %), Cadix (32 %), Vitoria (24 %), Pampelune (22 %), Lleida (21 %) et Castell\u00f3n (19 %).<\/p>\n<p><strong>Provinces<\/strong><\/p>\n<p>Au niveau provincial, la situation a \u00e9t\u00e9 similaire au cours de la derni\u00e8re ann\u00e9e. <strong>Santa Cruz de Tenerife enregistre la plus forte baisse d&#8217;offre, avec 37% de moins qu&#8217;il y a un an.<\/strong> Ils sont suivis par Grenade (-31%), Las Palmas (-31%), Madrid (-30%) et Malaga (-28%). Au-dessus de 20 % de baisse se trouvent Valence (-22 %) et les \u00eeles Bal\u00e9ares (-21 %). Dans la province de Barcelone, la baisse a \u00e9t\u00e9 de 17 %.<\/p>\n<p>C\u00f3rdoba a vu son parc de logements locatifs augmenter de 59%, suivi par une croissance \u00e0 G\u00e9rone (27%), Almer\u00eda (26%) et Cuenca (25%). Au-dessus de 20 % se trouvent Castell\u00f3n, \u00c1lava (21 % dans les deux cas) et Ja\u00e9n (20 %).<\/p>\n<p><\/span><\/span><\/p>\n","protected":false},"excerpt":{"rendered":"<p>La baisse au quatri\u00e8me trimestre est plus faible que celle enregistr\u00e9e \u00e0 l&#8217;\u00e9t\u00e9, o\u00f9 elle avait chut\u00e9 de 25 %. \u00c0 Barcelone et Madrid, le stock tombe au-dessus de la moyenne. L&#8217;offre de logements locatifs a diminu\u00e9 de 17 % au cours du quatri\u00e8me trimestre 2022, par rapport au m\u00eame trimestre de l&#8217;ann\u00e9e derni\u00e8re, selon [&hellip;]<\/p>\n","protected":false},"author":13,"featured_media":25212,"comment_status":"open","ping_status":"closed","sticky":false,"template":"","format":"standard","meta":{"om_disable_all_campaigns":false,"_monsterinsights_skip_tracking":false,"_monsterinsights_sitenote_active":false,"_monsterinsights_sitenote_note":"","_monsterinsights_sitenote_category":0,"_uf_show_specific_survey":0,"_uf_disable_surveys":false,"footnotes":""},"categories":[212],"tags":[],"class_list":["post-69418","post","type-post","status-publish","format-standard","has-post-thumbnail","hentry","category-breaking-news"],"acf":[],"_links":{"self":[{"href":"https:\/\/immo.lecourrier.es\/index.php\/wp-json\/wp\/v2\/posts\/69418","targetHints":{"allow":["GET"]}}],"collection":[{"href":"https:\/\/immo.lecourrier.es\/index.php\/wp-json\/wp\/v2\/posts"}],"about":[{"href":"https:\/\/immo.lecourrier.es\/index.php\/wp-json\/wp\/v2\/types\/post"}],"author":[{"embeddable":true,"href":"https:\/\/immo.lecourrier.es\/index.php\/wp-json\/wp\/v2\/users\/13"}],"replies":[{"embeddable":true,"href":"https:\/\/immo.lecourrier.es\/index.php\/wp-json\/wp\/v2\/comments?post=69418"}],"version-history":[{"count":0,"href":"https:\/\/immo.lecourrier.es\/index.php\/wp-json\/wp\/v2\/posts\/69418\/revisions"}],"wp:featuredmedia":[{"embeddable":true,"href":"https:\/\/immo.lecourrier.es\/index.php\/wp-json\/wp\/v2\/media\/25212"}],"wp:attachment":[{"href":"https:\/\/immo.lecourrier.es\/index.php\/wp-json\/wp\/v2\/media?parent=69418"}],"wp:term":[{"taxonomy":"category","embeddable":true,"href":"https:\/\/immo.lecourrier.es\/index.php\/wp-json\/wp\/v2\/categories?post=69418"},{"taxonomy":"post_tag","embeddable":true,"href":"https:\/\/immo.lecourrier.es\/index.php\/wp-json\/wp\/v2\/tags?post=69418"}],"curies":[{"name":"wp","href":"https:\/\/api.w.org\/{rel}","templated":true}]}}