{"id":69413,"date":"2026-03-08T23:07:26","date_gmt":"2026-03-08T23:07:26","guid":{"rendered":"https:\/\/immo.lecourrier.es\/index.php\/2026\/03\/08\/ayuso-portera-limpot-sur-les-grandes-fortunes-devant-la-cour-constitutionnelle-comment-agir-de-maniere-preventive-2\/"},"modified":"2026-04-25T06:22:13","modified_gmt":"2026-04-25T06:22:13","slug":"ayuso-portera-limpot-sur-les-grandes-fortunes-devant-la-cour-constitutionnelle-comment-agir-de-maniere-preventive-2","status":"publish","type":"post","link":"https:\/\/immo.lecourrier.es\/index.php\/2026\/03\/08\/ayuso-portera-limpot-sur-les-grandes-fortunes-devant-la-cour-constitutionnelle-comment-agir-de-maniere-preventive-2\/","title":{"rendered":"Ayuso portera l&#8217;imp\u00f4t sur les grandes fortunes devant la Cour constitutionnelle: comment agir de mani\u00e8re pr\u00e9ventive"},"content":{"rendered":"<p><span dir=\"auto\" style=\"vertical-align: inherit\"><span dir=\"auto\" style=\"vertical-align: inherit\"><\/p>\n<p>Le 29 d\u00e9cembre, l&#8217;imp\u00f4t sur les grandes fortunes est entr\u00e9 en vigueur, ce qui permet au Tr\u00e9sor de taxer les actifs de l&#8217;exercice 2022 et de commencer \u00e0 percevoir en 2023. D\u00e9sormais, la pr\u00e9sidente de la Communaut\u00e9 de Madrid, Isabel D\u00edaz Ayuso, a annonc\u00e9 qu&#8217;ils allaient de d\u00e9poser un recours contre cette taxe devant la Cour constitutionnelle pour violation de six principes de la Magna Carta. De plus, le gouvernement madril\u00e8ne demandera la suspension de l&#8217;application de cette taxe par mesure de pr\u00e9caution.<\/p>\n<p>Plus pr\u00e9cis\u00e9ment, la Communaut\u00e9 de Madrid souligne que cette nouvelle taxe viole les principes constitutionnels suivants:<\/p>\n<ul class=\"wp-block-list\">\n<li>Envahissement des comp\u00e9tences r\u00e9gionales en cr\u00e9ant une taxe pour annuler les pouvoirs fiscaux de la LACC en mati\u00e8re de patrimoine, brisant ainsi le principe de loyaut\u00e9 constitutionnelle.<\/li>\n<li>Rupture de l&#8217;autonomie financi\u00e8re des CCAA, puisqu&#8217;elle affecte la politique fiscale de chaque r\u00e9gion.<\/li>\n<li>Violation du principe d&#8217;\u00e9galit\u00e9 car il ne traite pas tous les contribuables espagnols de la m\u00eame mani\u00e8re. C&#8217;est une taxe contre les madril\u00e8nes et les andalous.<\/li>\n<li>Il n&#8217;y a pas vraiment besoin de collecte \u00e0 l&#8217;heure actuelle, sautant ce qui est inclus dans la Constitution espagnole en ce qui concerne l&#8217;arbitraire des pouvoirs publics.<\/li>\n<li>L\u00e9sion de s\u00e9curit\u00e9 juridique, lors de l&#8217;approbation d&#8217;un imp\u00f4t avec effets r\u00e9troactifs. En effet, la Cour supr\u00eame a sur la table pour d\u00e9cider s&#8217;il est possible d&#8217;approuver des imp\u00f4ts, comme celui des grandes fortunes, avec effet r\u00e9troactif.<\/li>\n<li>Cr\u00e9ation d&#8217;une taxe injustifi\u00e9e parce qu&#8217;il n&#8217;y a pas de r\u00e9el besoin de collecte, en sautant ce qui est inclus dans la Constitution espagnole et en relation avec l&#8217;arbitraire des pouvoirs publics.<\/li>\n<\/ul>\n<p><strong>Qu&#8217;est-ce que l&#8217;imp\u00f4t de solidarit\u00e9 sur les grandes fortunes<\/strong><\/p>\n<p>Cet imp\u00f4t constituera un imp\u00f4t compl\u00e9mentaire \u00e0 l&#8217;Imp\u00f4t sur la Fortune pour les contribuables qui d\u00e9tiennent des biens et des droits pour un montant sup\u00e9rieur \u00e0 3 millions d&#8217;euros. Et il institue plusieurs tranches: 1,7% pour les actifs compris entre 3 et 5,3 millions d&#8217;euros; 2,1% pour les actifs compris entre 5,3 et 10,6 millions, et 3,5% pour les actifs sup\u00e9rieurs \u00e0 10,6 millions d&#8217;euros.<\/p>\n<p><strong>Le gouvernement a fix\u00e9 la r\u00e9gularisation au 31 d\u00e9cembre de chaque exercice<\/strong>, avec laquelle l&#8217;imp\u00f4t est pr\u00e9lev\u00e9 sur les fortunes sup\u00e9rieures \u00e0 3 millions d&#8217;euros au 31 d\u00e9cembre de chaque exercice, c&#8217;est-\u00e0-dire r\u00e9troactivement et de mani\u00e8re inattendue, comme le d\u00e9taille l&#8217;avocat sp\u00e9cialis\u00e9 en fiscalit\u00e9. proc\u00e9dures Jos\u00e9 Mar\u00eda Salcedo, puisque le gouvernement ne donnera pas de temps de r\u00e9action aux contribuables concern\u00e9s par ladite taxe.<\/p>\n<p>C&#8217;est une question qui est sur la table de la Cour supr\u00eame, bien qu&#8217;en relation avec un autre imp\u00f4t. Plus pr\u00e9cis\u00e9ment, la question de l&#8217;int\u00e9r\u00eat d&#8217;appel admis porte sur <strong>&#8220;la d\u00e9termination de la violation du principe de non-r\u00e9troactivit\u00e9 d&#8217;exiger une taxe au cours de la m\u00eame ann\u00e9e au cours de laquelle sa loi r\u00e9glementaire <\/strong>entre en vigueur, dont la p\u00e9riode d&#8217;imposition est l&#8217;ann\u00e9e civile et qui court sur la dernier jour de l&#8217;ann\u00e9e civile, lorsque ladite entr\u00e9e en vigueur est ant\u00e9rieure \u00e0 la date d&#8217;acquisition.&#8221; Mais, bien s\u00fbr, la condamnation qui est prononc\u00e9e pourrait affecter pleinement la taxe de solidarit\u00e9.<\/p>\n<p><strong>Pour le tribunal de grande instance, il peut y avoir violation de la l\u00e9galit\u00e9 ordinaire,<\/strong> c&#8217;est-\u00e0-dire violer le principe de &#8220;droit ant\u00e9rieur&#8221;, ce qui signifie que les contribuables n&#8217;ont pas eu la possibilit\u00e9 de se renseigner, avant le d\u00e9but de l&#8217;ann\u00e9e ( dans le cas qui nous concerne 2022) quelles seront les obligations fiscales auxquelles ils devront faire face, en fonction de leur situation au d\u00e9but de l&#8217;ann\u00e9e et en vertu des op\u00e9rations qu&#8217;ils effectuent au cours de celle-ci.<\/p>\n<p><strong>Comment le contribuable concern\u00e9 doit agir de mani\u00e8re pr\u00e9ventive<\/strong><\/p>\n<p>Tenant compte des pr\u00e9c\u00e9dents des derni\u00e8res d\u00e9clarations d&#8217;inconstitutionnalit\u00e9, notamment celle de l&#8217;imp\u00f4t communal sur les plus-values \u200b\u200b(STC 182\/2021), qui niait la possibilit\u00e9 de r\u00e9clamer ceux qui ne l&#8217;avaient pas fait avant la date de l&#8217;arr\u00eat, la prudente chose, de l&#8217;avis de Jos\u00e9 Mar\u00eda Salcedo, est de <strong>r\u00e9clamer le plus t\u00f4t possible.<\/strong><\/p>\n<p>Et c&#8217;est que, si les contribuables s&#8217;autocotisent et entrent dans la taxe de solidarit\u00e9, et attendent de voir si elle est finalement d\u00e9clar\u00e9e inconstitutionnelle, il peut arriver que,<strong> lorsque ladite inconstitutionnalit\u00e9 est d\u00e9clar\u00e9e, ils ne puissent pas en b\u00e9n\u00e9ficier, ni r\u00e9cup\u00e9rer ce qu&#8217;ils ont pay\u00e9.<\/strong><\/p>\n<p>Pour cette raison, l&#8217;avocat expert en recours et r\u00e9clamations contre le Tr\u00e9sor conseille <strong>d&#8217;auto-\u00e9valuer l&#8217;imp\u00f4t de solidarit\u00e9 dans les d\u00e9lais r\u00e9glementaires et, imm\u00e9diatement apr\u00e8s, de demander la rectification de l&#8217;auto-\u00e9valuation <\/strong>pr\u00e9sent\u00e9e, et le remboursement des revenus indus. &#8220;Ce n&#8217;est qu&#8217;ainsi que le contribuable maintiendra sa cr\u00e9ance en vie et aura la possibilit\u00e9 de b\u00e9n\u00e9ficier d&#8217;une hypoth\u00e9tique d\u00e9claration d&#8217;inconstitutionnalit\u00e9 de la taxe de solidarit\u00e9&#8221;, a d\u00e9clar\u00e9 Jos\u00e9 Mar\u00eda Salcedo.<\/p>\n<p><strong>Ayuso cr\u00e9e une incitation fiscale en contrepoids \u00e0 l&#8217;imp\u00f4t sur les grandes fortunes<\/strong><\/p>\n<p>La pr\u00e9sidente de la Communaut\u00e9 de Madrid, Isabel D\u00edaz Ayuso, a annonc\u00e9 que le gouvernement r\u00e9gional promouvra une<strong> incitation fiscale pour les nouveaux investisseurs dans l&#8217;autonomie<\/strong> qui vise \u00e0 agir comme un &#8220;contrepoids&#8221; \u00e0 la taxe temporaire de solidarit\u00e9 pour les grandes fortunes approuv\u00e9e par le gouvernement central.<\/p>\n<p>La nouvelle d\u00e9duction que la Communaut\u00e9 de Madrid mettra en \u0153uvre signifiera que quiconque veut vivre dans la r\u00e9gion et investir son patrimoine (dans, par exemple, une maison, une entreprise ou des produits financiers) &#8220;obtiendra une <strong>r\u00e9duction de la tranche de l&#8217;imp\u00f4t r\u00e9gional sur le revenu correspondant \u00e0 20% de cet investissement<\/strong>.&#8221;<\/p>\n<p>&#8220;Je le dirai d&#8217;une autre mani\u00e8re, pour que tout le monde le comprenne : un citoyen de n&#8217;importe o\u00f9 dans le monde qui veut venir \u00e0 Madrid pour cr\u00e9er de la richesse et investir ses actifs obtiendra une d\u00e9duction de l&#8217;imp\u00f4t sur le revenu que nous g\u00e9rons de la Communaut\u00e9 de Madrid \u00e9quivaut \u00e0 20% de ce que vous investissez ici&#8221;, a-t-il d\u00e9taill\u00e9.<\/p>\n<p><\/span><\/span><\/p>\n","protected":false},"excerpt":{"rendered":"<p>Le 29 d\u00e9cembre, l&#8217;imp\u00f4t sur les grandes fortunes est entr\u00e9 en vigueur, ce qui permet au Tr\u00e9sor de taxer les actifs de l&#8217;exercice 2022 et de commencer \u00e0 percevoir en 2023. D\u00e9sormais, la pr\u00e9sidente de la Communaut\u00e9 de Madrid, Isabel D\u00edaz Ayuso, a annonc\u00e9 qu&#8217;ils allaient de d\u00e9poser un recours contre cette taxe devant la [&hellip;]<\/p>\n","protected":false},"author":13,"featured_media":25199,"comment_status":"open","ping_status":"closed","sticky":false,"template":"","format":"standard","meta":{"om_disable_all_campaigns":false,"_monsterinsights_skip_tracking":false,"_monsterinsights_sitenote_active":false,"_monsterinsights_sitenote_note":"","_monsterinsights_sitenote_category":0,"_uf_show_specific_survey":0,"_uf_disable_surveys":false,"footnotes":""},"categories":[212,4392],"tags":[],"class_list":["post-69413","post","type-post","status-publish","format-standard","has-post-thumbnail","hentry","category-breaking-news","category-patrimoine"],"acf":[],"_links":{"self":[{"href":"https:\/\/immo.lecourrier.es\/index.php\/wp-json\/wp\/v2\/posts\/69413","targetHints":{"allow":["GET"]}}],"collection":[{"href":"https:\/\/immo.lecourrier.es\/index.php\/wp-json\/wp\/v2\/posts"}],"about":[{"href":"https:\/\/immo.lecourrier.es\/index.php\/wp-json\/wp\/v2\/types\/post"}],"author":[{"embeddable":true,"href":"https:\/\/immo.lecourrier.es\/index.php\/wp-json\/wp\/v2\/users\/13"}],"replies":[{"embeddable":true,"href":"https:\/\/immo.lecourrier.es\/index.php\/wp-json\/wp\/v2\/comments?post=69413"}],"version-history":[{"count":0,"href":"https:\/\/immo.lecourrier.es\/index.php\/wp-json\/wp\/v2\/posts\/69413\/revisions"}],"wp:featuredmedia":[{"embeddable":true,"href":"https:\/\/immo.lecourrier.es\/index.php\/wp-json\/wp\/v2\/media\/25199"}],"wp:attachment":[{"href":"https:\/\/immo.lecourrier.es\/index.php\/wp-json\/wp\/v2\/media?parent=69413"}],"wp:term":[{"taxonomy":"category","embeddable":true,"href":"https:\/\/immo.lecourrier.es\/index.php\/wp-json\/wp\/v2\/categories?post=69413"},{"taxonomy":"post_tag","embeddable":true,"href":"https:\/\/immo.lecourrier.es\/index.php\/wp-json\/wp\/v2\/tags?post=69413"}],"curies":[{"name":"wp","href":"https:\/\/api.w.org\/{rel}","templated":true}]}}