{"id":69412,"date":"2026-03-08T23:07:21","date_gmt":"2026-03-08T23:07:21","guid":{"rendered":"https:\/\/immo.lecourrier.es\/index.php\/2026\/03\/08\/melia-commence-a-gerer-lhotel-rey-juan-carlos-i-sous-sa-marque-de-luxe-2\/"},"modified":"2026-04-25T06:22:12","modified_gmt":"2026-04-25T06:22:12","slug":"melia-commence-a-gerer-lhotel-rey-juan-carlos-i-sous-sa-marque-de-luxe-2","status":"publish","type":"post","link":"https:\/\/immo.lecourrier.es\/index.php\/2026\/03\/08\/melia-commence-a-gerer-lhotel-rey-juan-carlos-i-sous-sa-marque-de-luxe-2\/","title":{"rendered":"Meli\u00e0 commence \u00e0 g\u00e9rer l&#8217;h\u00f4tel Rey Juan Carlos I sous sa marque de luxe"},"content":{"rendered":"<p><span dir=\"auto\" style=\"vertical-align: inherit\"><span dir=\"auto\" style=\"vertical-align: inherit\"><\/p>\n<p>L&#8217;\u00e9tablissement est ferm\u00e9 depuis 2020 et en pr\u00e9-faillite depuis le 1er avril 2021, date \u00e0 laquelle Barcelona Project&#8217;s, propri\u00e9taire de l&#8217;actif, a profit\u00e9 de cette formule suite \u00e0 la crise sanitaire provoqu\u00e9e par la pand\u00e9mie.<\/p>\n<p>Meli\u00e0 continue \u00e0 g\u00e9rer l&#8217;h\u00f4tel Rey Juan Carlos I sous sa marque de luxe L&#8217;h\u00f4tel Rey Juan Carlos I quitte le bloc. La soci\u00e9t\u00e9 h\u00f4teli\u00e8re <strong>Meli\u00e1 Hotels International a conclu un accord avec les propri\u00e9taires de l&#8217;\u00e9tablissement embl\u00e9matique de Barcelone pour reprendre sa gestion \u00e0 long terme<\/strong> et remodeler son nom, qui sera rebaptis\u00e9 Miranda de Pedralbes, selon un communiqu\u00e9 envoy\u00e9 par la soci\u00e9t\u00e9.<\/p>\n<p>Avec cette op\u00e9ration, l&#8217;H\u00f4tel Rey Juan Carlos I envisage une nouvelle \u00e9tape apr\u00e8s avoir fait faillite en septembre dernier. Barcelona Project&#8217;s, la soci\u00e9t\u00e9 de gestion de l&#8217;\u00e9tablissement, <strong>a d\u00e9pos\u00e9 un concours pour les dettes accumul\u00e9es jusqu&#8217;\u00e0 160 millions d&#8217;euros.<\/strong><\/p>\n<p>L&#8217;h\u00f4tel Rey Juan Carlos I est ferm\u00e9 depuis 2020 et en pr\u00e9-faillite depuis le 1er avril 2021, date \u00e0 laquelle Barcelona Project a accueilli cette formule suite \u00e0 la crise sanitaire provoqu\u00e9e par la pand\u00e9mie et son impact sur le tourisme de luxe et les grands \u00e9v\u00e9nements.<\/p>\n<p>Une grande partie de la dette est g\u00e9n\u00e9r\u00e9e lors de la gestion de Joan Gaspart \u00e0 Husa. D\u00e8s 2014, Fairmont, du <strong>groupe Accor, a repris la gestion du complexe et investi 46 millions, avec un pr\u00eat sur douze ans<\/strong>, mais l&#8217;entreprise a \u00e9t\u00e9 gravement touch\u00e9e par la pand\u00e9mie.<\/p>\n<p><strong>Meli\u00e1 a annonc\u00e9 que l&#8217;h\u00f4tel sera renomm\u00e9 Miranda de Pedralbes<\/strong><\/p>\n<p>L&#8217;h\u00f4tel Juan Carlos I a ouvert ses portes en 1992, peu avant les Jeux olympiques. En l&#8217;an 2000, sa n\u00e9gociation s&#8217;\u00e9largit avec la plus grande salle de congr\u00e8s de la capitale catalane. En juin 2022, <strong>la mairie de Barcelone a refus\u00e9 la prolongation de 50 ans de l&#8217;usage h\u00f4telier du terrain de l&#8217;h\u00f4tel<\/strong>, condition fondamentale pour la vente de l&#8217;\u00e9tablissement, c&#8217;est que la concession publique expire dans une quinzaine d&#8217;ann\u00e9es. Le consistoire posa comme condition un accord entre les cr\u00e9anciers, qu&#8217;il n&#8217;ex\u00e9cuta pas.<\/p>\n<p>Il y a un an, en avril 2021, l&#8217;int\u00e9r\u00eat d&#8217;Apollo, l&#8217;un des plus grands fonds internationaux, de reprendre l&#8217;\u00e9tablissement embl\u00e9matique avait \u00e9t\u00e9 r\u00e9v\u00e9l\u00e9. La situation financi\u00e8re compliqu\u00e9e que traversait Barcelona Project&#8217;s, la soci\u00e9t\u00e9 propri\u00e9taire de l&#8217;\u00e9tablissement, a convenu aux responsables, la famille du d\u00e9funt prince saoudien Turkin bin Nasser, d&#8217;<strong>offrir l&#8217;h\u00f4tel pour le prix symbolique d&#8217;un euro de plus que la dette.<\/strong><\/p>\n<p>Le roi Juan Carlos I faisait partie de ce qui est connu sous le nom de Complejo Real, form\u00e9 par l&#8217;h\u00f4tel, le Palacio de Congresos de la Ciudad Condal avec une capacit\u00e9 d&#8217;\u00e9v\u00e9nements de 3.000 participants, un spa, des jardins et des piscines ext\u00e9rieures, tous d\u00e9tenus par Barcelona Project&#8217;s, qui a des droits de concession pour op\u00e9rer sur le terrain o\u00f9 sont situ\u00e9s tous ces actifs.<\/p>\n<p><\/span><\/span><\/p>\n","protected":false},"excerpt":{"rendered":"<p>L&#8217;\u00e9tablissement est ferm\u00e9 depuis 2020 et en pr\u00e9-faillite depuis le 1er avril 2021, date \u00e0 laquelle Barcelona Project&#8217;s, propri\u00e9taire de l&#8217;actif, a profit\u00e9 de cette formule suite \u00e0 la crise sanitaire provoqu\u00e9e par la pand\u00e9mie. Meli\u00e0 continue \u00e0 g\u00e9rer l&#8217;h\u00f4tel Rey Juan Carlos I sous sa marque de luxe L&#8217;h\u00f4tel Rey Juan Carlos I quitte [&hellip;]<\/p>\n","protected":false},"author":13,"featured_media":25196,"comment_status":"open","ping_status":"closed","sticky":false,"template":"","format":"standard","meta":{"om_disable_all_campaigns":false,"_monsterinsights_skip_tracking":false,"_monsterinsights_sitenote_active":false,"_monsterinsights_sitenote_note":"","_monsterinsights_sitenote_category":0,"_uf_show_specific_survey":0,"_uf_disable_surveys":false,"footnotes":""},"categories":[212,258],"tags":[],"class_list":["post-69412","post","type-post","status-publish","format-standard","has-post-thumbnail","hentry","category-breaking-news","category-hotels-living"],"acf":[],"_links":{"self":[{"href":"https:\/\/immo.lecourrier.es\/index.php\/wp-json\/wp\/v2\/posts\/69412","targetHints":{"allow":["GET"]}}],"collection":[{"href":"https:\/\/immo.lecourrier.es\/index.php\/wp-json\/wp\/v2\/posts"}],"about":[{"href":"https:\/\/immo.lecourrier.es\/index.php\/wp-json\/wp\/v2\/types\/post"}],"author":[{"embeddable":true,"href":"https:\/\/immo.lecourrier.es\/index.php\/wp-json\/wp\/v2\/users\/13"}],"replies":[{"embeddable":true,"href":"https:\/\/immo.lecourrier.es\/index.php\/wp-json\/wp\/v2\/comments?post=69412"}],"version-history":[{"count":0,"href":"https:\/\/immo.lecourrier.es\/index.php\/wp-json\/wp\/v2\/posts\/69412\/revisions"}],"wp:featuredmedia":[{"embeddable":true,"href":"https:\/\/immo.lecourrier.es\/index.php\/wp-json\/wp\/v2\/media\/25196"}],"wp:attachment":[{"href":"https:\/\/immo.lecourrier.es\/index.php\/wp-json\/wp\/v2\/media?parent=69412"}],"wp:term":[{"taxonomy":"category","embeddable":true,"href":"https:\/\/immo.lecourrier.es\/index.php\/wp-json\/wp\/v2\/categories?post=69412"},{"taxonomy":"post_tag","embeddable":true,"href":"https:\/\/immo.lecourrier.es\/index.php\/wp-json\/wp\/v2\/tags?post=69412"}],"curies":[{"name":"wp","href":"https:\/\/api.w.org\/{rel}","templated":true}]}}