{"id":69407,"date":"2026-03-08T23:02:55","date_gmt":"2026-03-08T23:02:55","guid":{"rendered":"https:\/\/immo.lecourrier.es\/index.php\/2026\/03\/08\/nouvelle-construction-au-centre-de-madrid-est-ce-possible-2\/"},"modified":"2026-04-25T06:17:39","modified_gmt":"2026-04-25T06:17:39","slug":"nouvelle-construction-au-centre-de-madrid-est-ce-possible-2","status":"publish","type":"post","link":"https:\/\/immo.lecourrier.es\/index.php\/2026\/03\/08\/nouvelle-construction-au-centre-de-madrid-est-ce-possible-2\/","title":{"rendered":"Nouvelle construction au centre de Madrid : est-ce possible ?"},"content":{"rendered":"<p><span dir=\"auto\" style=\"vertical-align: inherit\"><span dir=\"auto\" style=\"vertical-align: inherit\"><\/p>\n<p><strong>Vivre au centre de la ville<\/strong> est une r\u00e9alit\u00e9 \u00e0 laquelle de nombreux citoyens aspirent. Le faire \u00e9galement dans un nouveau complexe r\u00e9sidentiel avec piscine, salle de sport et autres espaces communs en fait un r\u00eave.<\/p>\n<p>Car il y a des<strong> projets qui r\u00e9pondent \u00e0 ces attentes<\/strong> dans une r\u00e9alit\u00e9 qui pourrait vous faire croire qu&#8217;aujourd&#8217;hui c&#8217;est impossible. Il est de plus en plus difficile de trouver un espace pour vivre en centre-ville, l\u00e0 o\u00f9 l&#8217;offre est faible et la demande forte. De plus, le parc de logements du centre-ville est g\u00e9n\u00e9ralement ancien et bon nombre des habitations du quartier ont besoin d&#8217;investissements pour \u00eatre r\u00e9habilit\u00e9es.<\/p>\n<p>L&#8217;un de ces projets qui r\u00e9pond aux id\u00e9aux de la demande est Residencial Elcano, d\u00e9velopp\u00e9 par l&#8217;un des plus grands op\u00e9rateurs immobiliers d&#8217;Espagne, ASG Homes. Une zone \u00e9quip\u00e9e de services essentiels tels que des \u00e9coles, des supermarch\u00e9s, des centres de sant\u00e9, des parcs et des espaces verts, parmi tant d&#8217;autres.<\/p>\n<p>ASG Homes travaille pleinement sur ce complexe r\u00e9sidentiel d\u00e9j\u00e0 commercialis\u00e9, dans lequel un investissement de plus de <strong>20 millions d&#8217;euros <\/strong>a \u00e9t\u00e9 r\u00e9alis\u00e9 et qui compte pr\u00e8s de 3.000 m2 avec <strong>30 logements de 1, 2 et 3 chambres<\/strong>, \u00e9quip\u00e9s de terrasse, garage et d\u00e9barras. Les maisons situ\u00e9es au rez-de-chauss\u00e9e ont un jardin priv\u00e9 et les penthouses ont de grandes terrasses. De plus, le projet se distingue par ses espaces communs, dont les protagonistes seront sa piscine ext\u00e9rieure et ses jardins bien entretenus. Parmi eux, un jardin vertical int\u00e9gr\u00e9 apporte une personnalit\u00e9 unique \u00e0 la propri\u00e9t\u00e9.<\/p>\n<p><strong>V\u00edctor P\u00e9rez<\/strong>, PDG d&#8217;ASG Homes, a d\u00e9clar\u00e9 : &#8220;Le projet de la rue Sebasti\u00e1n Elcano, au c\u0153ur de l&#8217;une des zones \u00e0 la plus forte demande r\u00e9sidentielle de la capitale, montrera une fois de plus la capacit\u00e9 d&#8217;ex\u00e9cuter et d&#8217;exceller d&#8217;ASG Homes, comme d\u00e9j\u00e0 vu avec notre projet dans la Calle Fuencarral 77, qui a marqu\u00e9 une \u00e9tape importante dans la conception de nouveaux d\u00e9veloppements dans le centre de Madrid.&#8221;<\/p>\n<p>Les caract\u00e9ristiques du r\u00e9sidentiel r\u00e9pondent \u00e0 l&#8217;engagement d&#8217;ASG Homes de r\u00e9pondre aux besoins de la demande \u00e0 tout moment; pour cette raison, il disposera \u00e9galement d&#8217;un espace de coworking (pour faciliter la conciliation de la vie personnelle et professionnelle), conform\u00e9ment au besoin croissant de la demande d&#8217;avoir, ces derni\u00e8res ann\u00e9es, ce type d&#8217;espace en raison de la croissance de l&#8217;\u00e9loignement travail; une zone de d\u00e9tente sur le toit o\u00f9 vous pourrez vous d\u00e9tendre et une salle de sport enti\u00e8rement \u00e9quip\u00e9e. Le tout con\u00e7u pour vivre de fa\u00e7on exceptionnelle en plein centre-ville.<\/p>\n<p><strong>Une demande de plus en plus exigeante<\/strong><\/p>\n<p>L&#8217;acheteur de construction neuve est de plus en plus exigeant. Vous savez o\u00f9 et comment vous voulez vivre, et vous voulez que votre nouvelle maison soit adapt\u00e9e \u00e0 vos besoins et \u00e0 votre mode de vie. Ainsi, Residencial Elcano aura un design urbain et moderne, il se distinguera par ses mat\u00e9riaux de haute qualit\u00e9, \u00e9tant un \u00e9quilibre entre \u00e9l\u00e9gance et modernit\u00e9 et il disposera d&#8217;une lumi\u00e8re naturelle qui fera de chaque pi\u00e8ce un lieu o\u00f9 vous souhaitez rester.<\/p>\n<p>De plus, son emplacement entre le parc El Retiro et Madrid R\u00edo est une valeur ajout\u00e9e car il est flanqu\u00e9 de grands espaces verts. Et sa proximit\u00e9 avec la gare d&#8217;Atocha offre un excellent r\u00e9seau de connexions tant \u00e0 l&#8217;int\u00e9rieur qu&#8217;\u00e0 l&#8217;ext\u00e9rieur de la Communaut\u00e9 de Madrid.<\/p>\n<p><\/span><\/span><\/p>\n","protected":false},"excerpt":{"rendered":"<p>Vivre au centre de la ville est une r\u00e9alit\u00e9 \u00e0 laquelle de nombreux citoyens aspirent. Le faire \u00e9galement dans un nouveau complexe r\u00e9sidentiel avec piscine, salle de sport et autres espaces communs en fait un r\u00eave. Car il y a des projets qui r\u00e9pondent \u00e0 ces attentes dans une r\u00e9alit\u00e9 qui pourrait vous faire croire [&hellip;]<\/p>\n","protected":false},"author":13,"featured_media":25180,"comment_status":"open","ping_status":"closed","sticky":false,"template":"","format":"standard","meta":{"om_disable_all_campaigns":false,"_monsterinsights_skip_tracking":false,"_monsterinsights_sitenote_active":false,"_monsterinsights_sitenote_note":"","_monsterinsights_sitenote_category":0,"_uf_show_specific_survey":0,"_uf_disable_surveys":false,"footnotes":""},"categories":[212,4506],"tags":[],"class_list":["post-69407","post","type-post","status-publish","format-standard","has-post-thumbnail","hentry","category-breaking-news","category-projets-immo"],"acf":[],"_links":{"self":[{"href":"https:\/\/immo.lecourrier.es\/index.php\/wp-json\/wp\/v2\/posts\/69407","targetHints":{"allow":["GET"]}}],"collection":[{"href":"https:\/\/immo.lecourrier.es\/index.php\/wp-json\/wp\/v2\/posts"}],"about":[{"href":"https:\/\/immo.lecourrier.es\/index.php\/wp-json\/wp\/v2\/types\/post"}],"author":[{"embeddable":true,"href":"https:\/\/immo.lecourrier.es\/index.php\/wp-json\/wp\/v2\/users\/13"}],"replies":[{"embeddable":true,"href":"https:\/\/immo.lecourrier.es\/index.php\/wp-json\/wp\/v2\/comments?post=69407"}],"version-history":[{"count":0,"href":"https:\/\/immo.lecourrier.es\/index.php\/wp-json\/wp\/v2\/posts\/69407\/revisions"}],"wp:featuredmedia":[{"embeddable":true,"href":"https:\/\/immo.lecourrier.es\/index.php\/wp-json\/wp\/v2\/media\/25180"}],"wp:attachment":[{"href":"https:\/\/immo.lecourrier.es\/index.php\/wp-json\/wp\/v2\/media?parent=69407"}],"wp:term":[{"taxonomy":"category","embeddable":true,"href":"https:\/\/immo.lecourrier.es\/index.php\/wp-json\/wp\/v2\/categories?post=69407"},{"taxonomy":"post_tag","embeddable":true,"href":"https:\/\/immo.lecourrier.es\/index.php\/wp-json\/wp\/v2\/tags?post=69407"}],"curies":[{"name":"wp","href":"https:\/\/api.w.org\/{rel}","templated":true}]}}