{"id":69400,"date":"2026-03-08T22:56:52","date_gmt":"2026-03-08T22:56:52","guid":{"rendered":"https:\/\/immo.lecourrier.es\/index.php\/2026\/03\/08\/le-promoteur-international-darglobal-acquiert-un-terrain-a-manilva-2\/"},"modified":"2026-04-25T06:13:00","modified_gmt":"2026-04-25T06:13:00","slug":"le-promoteur-international-darglobal-acquiert-un-terrain-a-manilva-2","status":"publish","type":"post","link":"https:\/\/immo.lecourrier.es\/index.php\/2026\/03\/08\/le-promoteur-international-darglobal-acquiert-un-terrain-a-manilva-2\/","title":{"rendered":"Le promoteur international DarGlobal acquiert un terrain \u00e0 Manilva"},"content":{"rendered":"<p><span dir=\"auto\" style=\"vertical-align: inherit\"><span dir=\"auto\" style=\"vertical-align: inherit\"><\/p>\n<p><em>DarGlobal d\u00e9barque en Espagne avec l&#8217;achat d&#8217;un terrain de plus de 4 millions de m2 pour la cr\u00e9ation de deux propri\u00e9t\u00e9s \u00e9questres et golfiques.<\/em><\/p>\n<p>Le promoteur international <strong>DarGlobal<\/strong> d\u00e9barque en Espagne avec la <strong>cr\u00e9ation de deux propri\u00e9t\u00e9s \u00e9questres et golfiques<\/strong> pour lesquelles il a acquis un terrain de <strong>plus de 4 millions de m\u00e8tres carr\u00e9s \u00e0 Manilva<\/strong>, sur la Costa del Sol.<\/p>\n<p>Ces projets s&#8217;inspireront des destinations \u00e9questres et golfiques internationales telles que les r\u00e9gions voisines de Sotogrande et Valderrama. Le terrain de Manilva, \u00e0 seulement vingt minutes de Marbella en voiture, offre une vue imprenable sur la mer et Gibraltar.<\/p>\n<p>DarGlobal a lanc\u00e9 de multiples projets de luxe avec des offres de loisirs et de bien-\u00eatre de haute qualit\u00e9. La soci\u00e9t\u00e9 poss\u00e8de actuellement des propri\u00e9t\u00e9s au Qatar, \u00e0 Oman et aux \u00c9mirats arabes unis co-cr\u00e9\u00e9es avec Pagani, Missoni, Elie Saab et Trump. DarGlobal poursuivra son expansion rapide et entend apporter sa touche unique de luxe co-brand\u00e9, positionner Manilva sur ce march\u00e9 et diversifier l&#8217;offre de la r\u00e9gion en tant que premi\u00e8re destination en Europe pour les propri\u00e9t\u00e9s de luxe.<\/p>\n<p><strong>Le maire de Manilva, Mario Jim\u00e9nez<\/strong>, a soulign\u00e9 que cet investissement a \u00e9t\u00e9 possible en ce moment gr\u00e2ce \u00e0 la stabilit\u00e9 politique de la municipalit\u00e9. Cela signifie, a ajout\u00e9 le maire, que Manilva est \u00e0 l&#8217;honneur pour des investissements de qualit\u00e9 qui signifieront une conversion et une am\u00e9lioration pour la municipalit\u00e9, g\u00e9n\u00e9rant des emplois et de la richesse dans toute la r\u00e9gion.<\/p>\n<p>Pour sa part, <strong>Ziad El Chaar, PDG de DarGlobal<\/strong>, a d\u00e9clar\u00e9 que &#8220;avec la plus grande admiration pour l&#8217;offre de Sotogrande et Valderrama, nous sommes ravis d&#8217;apporter \u00e0 Manilva nos collaborations innovantes avec des marques de luxe qui offrent les exp\u00e9riences de vie les plus agr\u00e9ables et exclusives des opportunit\u00e9s d&#8217;investissement pour notre niche de client\u00e8le dans toute l&#8217;Europe et particuli\u00e8rement en Espagne. Cela soutient la croissance et la diversification des opportunit\u00e9s d&#8217;investissement possibles \u00e0 Manilva, le paradis de la Costa del Sol.<\/p>\n<p>Pour marquer le d\u00e9but des activit\u00e9s en Espagne, DarGlobal, en collaboration avec le maire de Manilva, Mario Jim\u00e9nez, pr\u00e9sentera ce projet au FITUR le vendredi 20 janvier \u00e0 midi, sur le stand de l&#8217;Office de Tourisme de la Costa del Sol.<\/p>\n<p><strong>\u00c0 propos de DarGlobal<\/strong><\/p>\n<p>Fond\u00e9e en 2017, DarGlobal allie exp\u00e9rience et innovation pour proposer des propri\u00e9t\u00e9s de la plus haute qualit\u00e9. Des architectes de classe mondiale con\u00e7oivent les maisons DarGlobal d&#8217;apr\u00e8s des ic\u00f4nes du design de renomm\u00e9e internationale&nbsp;; chaque maison DarGlobal est construite avec des mat\u00e9riaux de la plus haute qualit\u00e9 et est entretenue par des experts dans le domaine.<\/p>\n<p>Il n&#8217;y a pas deux maisons DarGlobal identiques, chaque maison sur mesure r\u00e9pondant aux d\u00e9sirs sp\u00e9cifiques de sa client\u00e8le, donnant vie \u00e0 leur vision unique d&#8217;un investissement de luxe unique en son genre adapt\u00e9 aux go\u00fbts les plus exquis. Selon les mots du<strong> PDG de DarGlobal, Ziad ElChaar<\/strong>: &#8220;Mon objectif pour DarGlobal est clair : \u00eatre la premi\u00e8re agence immobili\u00e8re de r\u00e9sidences secondaires de luxe en termes de qualit\u00e9 offerte, d&#8217;exp\u00e9rience client et de culture.&#8221;<\/p>\n<p><\/span><\/span><\/p>\n","protected":false},"excerpt":{"rendered":"<p>DarGlobal d\u00e9barque en Espagne avec l&#8217;achat d&#8217;un terrain de plus de 4 millions de m2 pour la cr\u00e9ation de deux propri\u00e9t\u00e9s \u00e9questres et golfiques. Le promoteur international DarGlobal d\u00e9barque en Espagne avec la cr\u00e9ation de deux propri\u00e9t\u00e9s \u00e9questres et golfiques pour lesquelles il a acquis un terrain de plus de 4 millions de m\u00e8tres carr\u00e9s [&hellip;]<\/p>\n","protected":false},"author":13,"featured_media":25165,"comment_status":"open","ping_status":"closed","sticky":false,"template":"","format":"standard","meta":{"om_disable_all_campaigns":false,"_monsterinsights_skip_tracking":false,"_monsterinsights_sitenote_active":false,"_monsterinsights_sitenote_note":"","_monsterinsights_sitenote_category":0,"_uf_show_specific_survey":0,"_uf_disable_surveys":false,"footnotes":""},"categories":[212,4506],"tags":[],"class_list":["post-69400","post","type-post","status-publish","format-standard","has-post-thumbnail","hentry","category-breaking-news","category-projets-immo"],"acf":[],"_links":{"self":[{"href":"https:\/\/immo.lecourrier.es\/index.php\/wp-json\/wp\/v2\/posts\/69400","targetHints":{"allow":["GET"]}}],"collection":[{"href":"https:\/\/immo.lecourrier.es\/index.php\/wp-json\/wp\/v2\/posts"}],"about":[{"href":"https:\/\/immo.lecourrier.es\/index.php\/wp-json\/wp\/v2\/types\/post"}],"author":[{"embeddable":true,"href":"https:\/\/immo.lecourrier.es\/index.php\/wp-json\/wp\/v2\/users\/13"}],"replies":[{"embeddable":true,"href":"https:\/\/immo.lecourrier.es\/index.php\/wp-json\/wp\/v2\/comments?post=69400"}],"version-history":[{"count":0,"href":"https:\/\/immo.lecourrier.es\/index.php\/wp-json\/wp\/v2\/posts\/69400\/revisions"}],"wp:featuredmedia":[{"embeddable":true,"href":"https:\/\/immo.lecourrier.es\/index.php\/wp-json\/wp\/v2\/media\/25165"}],"wp:attachment":[{"href":"https:\/\/immo.lecourrier.es\/index.php\/wp-json\/wp\/v2\/media?parent=69400"}],"wp:term":[{"taxonomy":"category","embeddable":true,"href":"https:\/\/immo.lecourrier.es\/index.php\/wp-json\/wp\/v2\/categories?post=69400"},{"taxonomy":"post_tag","embeddable":true,"href":"https:\/\/immo.lecourrier.es\/index.php\/wp-json\/wp\/v2\/tags?post=69400"}],"curies":[{"name":"wp","href":"https:\/\/api.w.org\/{rel}","templated":true}]}}