{"id":69399,"date":"2026-03-08T22:56:47","date_gmt":"2026-03-08T22:56:47","guid":{"rendered":"https:\/\/immo.lecourrier.es\/index.php\/2026\/03\/08\/iwg-ajoute-60-centres-en-espagne-et-veut-atteindre-pampelune-et-santander-cette-annee-2\/"},"modified":"2026-04-25T06:12:59","modified_gmt":"2026-04-25T06:12:59","slug":"iwg-ajoute-60-centres-en-espagne-et-veut-atteindre-pampelune-et-santander-cette-annee-2","status":"publish","type":"post","link":"https:\/\/immo.lecourrier.es\/index.php\/2026\/03\/08\/iwg-ajoute-60-centres-en-espagne-et-veut-atteindre-pampelune-et-santander-cette-annee-2\/","title":{"rendered":"IWG ajoute 60 centres en Espagne et veut atteindre Pampelune et Santander cette ann\u00e9e"},"content":{"rendered":"<p><span dir=\"auto\" style=\"vertical-align: inherit\"><span dir=\"auto\" style=\"vertical-align: inherit\"><\/p>\n<p>L&#8217;ann\u00e9e derni\u00e8re, l&#8217;entreprise de coworking a lanc\u00e9 sa marque Signature en Espagne, avec un emplacement au c\u0153ur du quartier de Salamanca \u00e0 Madrid. De plus, elle a ouvert son premier centre franchis\u00e9 \u00e0 Oviedo.<\/p>\n<p>International Workplace Group (IWG) continue de fournir du gaz au march\u00e9 espagnol. La soci\u00e9t\u00e9 britannique d&#8217;espaces de travail flexibles a <strong>cl\u00f4tur\u00e9 2022 avec un portefeuille de soixante centres sur le march\u00e9 national<\/strong>, apr\u00e8s avoir ouvert sept nouveaux espaces au cours de l&#8217;ann\u00e9e \u00e9coul\u00e9e.<\/p>\n<p>IWG est actuellement pr\u00e9sent dans seize villes espagnoles, apr\u00e8s avoir r\u00e9alis\u00e9 <strong>diverses ouvertures dans des villes telles que Madrid, Barcelone, Logro\u00f1o et Oviedo <\/strong>en 2022, dont le plus grand espace de coworking IWG du pays, Spaces Las Cortes, mesurant 7.000 m\u00e8tres carr\u00e9s et situ\u00e9 au Palais de Miraflores dans la capitale, avec une capacit\u00e9 de 800 professionnels.<\/p>\n<p>Pour cette ann\u00e9e, le groupe esp\u00e8re continuer d&#8217;\u00e9tendre son r\u00e9seau de centres dans tout le pays, <strong>atterrissant dans<\/strong> <strong>des villes comme Pampelune et Santander, tout en \u00e9largissant son offre dans de grandes villes comme Madrid, Barcelone, Valence et Saragosse<\/strong>. Chaque ouverture fait partie du plan d&#8217;expansion mondial de l&#8217;entreprise, qui pr\u00e9voit d&#8217;ajouter jusqu&#8217;\u00e0 mille nouveaux espaces \u00e0 l&#8217;ensemble de son r\u00e9seau d&#8217;ici 2023.<\/p>\n<p><strong>IWG a confirm\u00e9 son engagement sur le march\u00e9 espagnol en 2022 avec l&#8217;arriv\u00e9e de sa marque Signature &#8220;premium&#8221;<\/strong><\/p>\n<p>En 2022, IWG a confirm\u00e9 son engagement sur le march\u00e9 espagnol avec<strong> l&#8217;arriv\u00e9e de sa marque premium Signature<\/strong>, avec un centre situ\u00e9 au c\u0153ur du quartier de Salamanca \u00e0 Madrid, dans un lieu de quatre \u00e9tages. Signature rejoint ainsi les trois autres marques d&#8217;espaces de travail flexibles g\u00e9r\u00e9es par l&#8217;entreprise: Spaces, Regus et HQ.<\/p>\n<p>Une autre nouveaut\u00e9 de l&#8217;ann\u00e9e derni\u00e8re a \u00e9t\u00e9<strong> l&#8217;ouverture du premier centre franchis\u00e9 IWG du pays, Regus Mendiz\u00e1bal, dans un b\u00e2timent embl\u00e9matique du centre d&#8217;Oviedo<\/strong>, dans le cadre de la strat\u00e9gie nationale visant \u00e0 amener le travail hybride dans les capitales provinciales, avec la participation des partenaires r\u00e9gionaux..<\/p>\n<p>Selon les donn\u00e9es de l&#8217;entreprise, la demande d&#8217;espaces de coworking sur le march\u00e9 national n&#8217;a cess\u00e9 de cro\u00eetre au cours des douze derniers mois. L&#8217;entreprise souligne que <strong>les visites dans les centres espagnols ont augment\u00e9 de 74 % par an<\/strong>, au cours de la p\u00e9riode de janvier \u00e0 novembre 2022.<\/p>\n<p>&#8220;Au milieu de l&#8217;incertitude \u00e9conomique de 2022, le travail hybride s&#8217;est av\u00e9r\u00e9 \u00eatre un alli\u00e9 cl\u00e9 pour les entreprises, les travailleurs et la plan\u00e8te, offrant de multiples avantages pour toutes les parties concern\u00e9es&#8221;, a d\u00e9clar\u00e9 Philippe Jimenez, directeur national d&#8217;IWG en Espagne. &#8221; Depuis IWG, nous confirmons notre engagement envers le march\u00e9 espagnol, et nous esp\u00e9rons continuer \u00e0 r\u00e9pondre \u00e0 la demande croissante d&#8217;espaces de travail hybrides; en outre, nous esp\u00e9rons atteindre de plus en plus de villes de province, et continuer \u00e0 ouvrir les portes \u00e0 des marques comme Signature, main dans la main avec des partenaires franchis\u00e9s &#8220;, conclut Jimenez.<\/p>\n<p><\/span><\/span><\/p>\n","protected":false},"excerpt":{"rendered":"<p>L&#8217;ann\u00e9e derni\u00e8re, l&#8217;entreprise de coworking a lanc\u00e9 sa marque Signature en Espagne, avec un emplacement au c\u0153ur du quartier de Salamanca \u00e0 Madrid. De plus, elle a ouvert son premier centre franchis\u00e9 \u00e0 Oviedo. International Workplace Group (IWG) continue de fournir du gaz au march\u00e9 espagnol. La soci\u00e9t\u00e9 britannique d&#8217;espaces de travail flexibles a cl\u00f4tur\u00e9 [&hellip;]<\/p>\n","protected":false},"author":13,"featured_media":25162,"comment_status":"open","ping_status":"closed","sticky":false,"template":"","format":"standard","meta":{"om_disable_all_campaigns":false,"_monsterinsights_skip_tracking":false,"_monsterinsights_sitenote_active":false,"_monsterinsights_sitenote_note":"","_monsterinsights_sitenote_category":0,"_uf_show_specific_survey":0,"_uf_disable_surveys":false,"footnotes":""},"categories":[212,4440],"tags":[],"class_list":["post-69399","post","type-post","status-publish","format-standard","has-post-thumbnail","hentry","category-breaking-news","category-networking"],"acf":[],"_links":{"self":[{"href":"https:\/\/immo.lecourrier.es\/index.php\/wp-json\/wp\/v2\/posts\/69399","targetHints":{"allow":["GET"]}}],"collection":[{"href":"https:\/\/immo.lecourrier.es\/index.php\/wp-json\/wp\/v2\/posts"}],"about":[{"href":"https:\/\/immo.lecourrier.es\/index.php\/wp-json\/wp\/v2\/types\/post"}],"author":[{"embeddable":true,"href":"https:\/\/immo.lecourrier.es\/index.php\/wp-json\/wp\/v2\/users\/13"}],"replies":[{"embeddable":true,"href":"https:\/\/immo.lecourrier.es\/index.php\/wp-json\/wp\/v2\/comments?post=69399"}],"version-history":[{"count":0,"href":"https:\/\/immo.lecourrier.es\/index.php\/wp-json\/wp\/v2\/posts\/69399\/revisions"}],"wp:featuredmedia":[{"embeddable":true,"href":"https:\/\/immo.lecourrier.es\/index.php\/wp-json\/wp\/v2\/media\/25162"}],"wp:attachment":[{"href":"https:\/\/immo.lecourrier.es\/index.php\/wp-json\/wp\/v2\/media?parent=69399"}],"wp:term":[{"taxonomy":"category","embeddable":true,"href":"https:\/\/immo.lecourrier.es\/index.php\/wp-json\/wp\/v2\/categories?post=69399"},{"taxonomy":"post_tag","embeddable":true,"href":"https:\/\/immo.lecourrier.es\/index.php\/wp-json\/wp\/v2\/tags?post=69399"}],"curies":[{"name":"wp","href":"https:\/\/api.w.org\/{rel}","templated":true}]}}